{"id":10010,"date":"2021-08-04T01:25:30","date_gmt":"2021-08-04T01:25:30","guid":{"rendered":"https:\/\/unoticias.com.mx\/?p=10010"},"modified":"2021-08-04T01:25:30","modified_gmt":"2021-08-04T01:25:30","slug":"asesinan-al-bandam-lider-de-la-banda-criminal-relacionada-con-los-43-normalistas","status":"publish","type":"post","link":"https:\/\/unoticias.com.mx\/index.php\/2021\/08\/04\/asesinan-al-bandam-lider-de-la-banda-criminal-relacionada-con-los-43-normalistas\/","title":{"rendered":"Asesinan al \u201cBandam\u201d, l\u00edder de la banda criminal relacionada con los 43 normalistas."},"content":{"rendered":"\n<p>Asesinan al \u201cBandam\u201d, l\u00edder de<br>la banda criminal relacionada<br>con los 43 normalistas.<\/p>\n\n\n\n<p>Cuernavaca, 03 de agosto (RT).- Este lunes por la noche fue asesinado en M\u00e9xico Mois\u00e9s Brito Bautista, conocido como el \u201cBandam\u201c, considerado uno de los l\u00edderes del grupo criminal Guerreros Unidos, al que se investiga por su vinculaci\u00f3n con la desaparici\u00f3n de 43 normalistas en Ayotzinapa en 2014.<\/p>\n\n\n\n<p>El crimen tuvo lugar en la ciudad de Cuernavaca, estado de Morelos. El Fiscal general del estado, Uriel Carmona, confirm\u00f3 la identidad de Brito Bautista y dio los primeros detalles del caso.<\/p>\n\n\n\n<p>El \u201cBandam\u201d, que contaba con una orden de aprehensi\u00f3n por homicidio calificado en relaci\u00f3n con los hechos de Ayotzinapa, muri\u00f3 tras de ser tiroteado durante un ataque directo ocurrido en el exterior de una tienda de autoservicio en una peque\u00f1a plaza comercial muy conocida y concurrida, lo que \u201cgener\u00f3 much\u00edsima psicosis en la gente que estaba cerca\u201d, seg\u00fan Carmona.<\/p>\n\n\n\n<p>Brito, de 33 a\u00f1os, se encontraba acompa\u00f1ado de una mujer, con la que viajaba en una camioneta Mercedes Benz negra, que result\u00f3 gravemente herida durante la balacera. El cad\u00e1ver del hombre qued\u00f3 tendido sobre la avenida, donde fue encontrado por agentes de la Comisi\u00f3n Estatal de Seguridad P\u00fablica (CES), los primeros en llegar al lugar del suceso.<\/p>\n\n\n\n<p>Seg\u00fan un comunicado de la Fiscal\u00eda General de Morelos, el \u201cBandam\u201d y su pareja acudieron a un \u00e1rea de estacionamiento donde hicieron contacto con tres individuos con los que estuvieron conversando, \u201ccuando uno de ellos sac\u00f3 un arma de fuego que deton\u00f3 en varias ocasiones en contra de las v\u00edctimas\u201d. Los atacantes huyeron posteriormente del lugar a bordo de un automotor.<\/p>\n\n\n\n<p>De acuerdo con los archivos policiales, Brito Bautista era el lugarteniente de Juan Carlos \u201cla Beba\u201d Flores, l\u00edder del c\u00e1rtel Guerreros Unidos, y, seg\u00fan datos extraoficiales, desert\u00f3 del 27 batall\u00f3n de infanter\u00eda con sede en Iguala de la Independencia, Guerrero, en septiembre de 2012.<\/p>\n\n\n\n<p>La banda criminal Guerreros Unidos est\u00e1 vinculada al caso Ayotzinapa, en el que se investiga la desaparici\u00f3n forzada y presunto asesinato de 43 estudiantes despu\u00e9s de que fueran atacados por polic\u00edas municipales de Iguala, agentes de la Polic\u00eda estatal de Guerrero y militares del 27 batall\u00f3n de infanter\u00eda de Iguala.<\/p>\n\n\n\n<p>En los \u00faltimos a\u00f1os se han encontrado restos mortales que corresponden con tres de los desaparecidos en ese suceso.<\/p>\n","protected":false},"excerpt":{"rendered":"<p>Asesinan al \u201cBandam\u201d, l\u00edder dela banda criminal relacionadacon los 43 normalistas. Cuernavaca, 03 de agosto (RT).- Este lunes por la noche fue asesinado en M\u00e9xico Mois\u00e9s Brito Bautista, conocido como &hellip; <a href=\"https:\/\/unoticias.com.mx\/index.php\/2021\/08\/04\/asesinan-al-bandam-lider-de-la-banda-criminal-relacionada-con-los-43-normalistas\/\" class=\"more-link\">Leer m\u00e1s<\/a><\/p>\n","protected":false},"author":1,"featured_media":10011,"comment_status":"open","ping_status":"open","sticky":false,"template":"","format":"standard","meta":{"spay_email":"","footnotes":"","jetpack_publicize_message":"","jetpack_is_tweetstorm":false,"jetpack_publicize_feature_enabled":true},"categories":[40],"tags":[],"class_list":["post-10010","post","type-post","status-publish","format-standard","has-post-thumbnail","hentry","category-nacional","entry"],"jetpack_featured_media_url":"https:\/\/unoticias.com.mx\/wp-content\/uploads\/2021\/08\/FB_IMG_1628040198715.jpg","jetpack_publicize_connections":[],"jetpack_sharing_enabled":true,"jetpack_likes_enabled":true,"_links":{"self":[{"href":"https:\/\/unoticias.com.mx\/index.php\/wp-json\/wp\/v2\/posts\/10010","targetHints":{"allow":["GET"]}}],"collection":[{"href":"https:\/\/unoticias.com.mx\/index.php\/wp-json\/wp\/v2\/posts"}],"about":[{"href":"https:\/\/unoticias.com.mx\/index.php\/wp-json\/wp\/v2\/types\/post"}],"author":[{"embeddable":true,"href":"https:\/\/unoticias.com.mx\/index.php\/wp-json\/wp\/v2\/users\/1"}],"replies":[{"embeddable":true,"href":"https:\/\/unoticias.com.mx\/index.php\/wp-json\/wp\/v2\/comments?post=10010"}],"version-history":[{"count":1,"href":"https:\/\/unoticias.com.mx\/index.php\/wp-json\/wp\/v2\/posts\/10010\/revisions"}],"predecessor-version":[{"id":10012,"href":"https:\/\/unoticias.com.mx\/index.php\/wp-json\/wp\/v2\/posts\/10010\/revisions\/10012"}],"wp:featuredmedia":[{"embeddable":true,"href":"https:\/\/unoticias.com.mx\/index.php\/wp-json\/wp\/v2\/media\/10011"}],"wp:attachment":[{"href":"https:\/\/unoticias.com.mx\/index.php\/wp-json\/wp\/v2\/media?parent=10010"}],"wp:term":[{"taxonomy":"category","embeddable":true,"href":"https:\/\/unoticias.com.mx\/index.php\/wp-json\/wp\/v2\/categories?post=10010"},{"taxonomy":"post_tag","embeddable":true,"href":"https:\/\/unoticias.com.mx\/index.php\/wp-json\/wp\/v2\/tags?post=10010"}],"curies":[{"name":"wp","href":"https:\/\/api.w.org\/{rel}","templated":true}]}}