{"id":10095,"date":"2021-08-11T00:59:05","date_gmt":"2021-08-11T00:59:05","guid":{"rendered":"https:\/\/unoticias.com.mx\/?p=10095"},"modified":"2021-08-11T00:59:05","modified_gmt":"2021-08-11T00:59:05","slug":"denuncian-irregularidades-en-el-proceso-de-seleccion-del-nuevo-titular-de-la-auditoria-superior-del-estado","status":"publish","type":"post","link":"https:\/\/unoticias.com.mx\/index.php\/2021\/08\/11\/denuncian-irregularidades-en-el-proceso-de-seleccion-del-nuevo-titular-de-la-auditoria-superior-del-estado\/","title":{"rendered":"DENUNCIAN IRREGULARIDADES EN EL PROCESO DE SELECCI\u00d3N DEL NUEVO TITULAR DE LA AUDITOR\u00cdA SUPERIOR DEL ESTADO."},"content":{"rendered":"\n<p>DENUNCIAN IRREGULARIDADES EN EL PROCESO DE SELECCI\u00d3N DEL NUEVO TITULAR DE LA AUDITOR\u00cdA SUPERIOR DEL ESTADO.<\/p>\n\n\n\n<p>Por Marcial Campuzano<\/p>\n\n\n\n<p>Organizaciones de profesionistas y de la sociedad civil, denunciaron que el 50 por ciento de los 30 aspirantes a dirigir la Auditor\u00eda Superior del Estado (ASE), no cumplen los requisitos establecidos en la convocatoria y en la Ley Superior de Fiscalizaci\u00f3n, por lo que demandaron al Congreso del estado que corrija esa situaci\u00f3n, para no tener un auditor que sea cuestionado por la sociedad.<\/p>\n\n\n\n<p>En conferencia de prensa el doctor Gonzalo Sol\u00eds Hern\u00e1ndez, presidente de la Barra de Profesionistas; y Tarsicio Soto Rend\u00f3n, presidente de la Asociaci\u00f3n Civil Desarrollo y Aplicaci\u00f3n de Capacidades, pidieron a los diputados que integran la 62 Legislatura que quienes compiten para dirigir la ASE lo hagan en las mismas condiciones sin violar la ley.<\/p>\n\n\n\n<p>Se\u00f1alaron que la Ley 468 de Fiscalizaci\u00f3n Superior del Estado, se\u00f1ala con claridad que no puede ser titular de la Auditor\u00eda Superior del Estado quien haya ocupado un cargo p\u00fablico 2 a\u00f1os antes del proceso de selecci\u00f3n, \u201ceso es lo que estamos haciendo \u00e9nfasis como organizaciones civiles, queremos que se cumpla la ley, que no se est\u00e9 manoseando el proceso de selecci\u00f3n\u201d.<\/p>\n\n\n\n<p>Lo que se busca es que quien sea designado para dirigir a la Auditor\u00eda Superior del Estado, tenga el perfil acorde a lo que demanda la sociedad guerrerense, conforme a la convocatoria publicada que da cuenta del proceso de selecci\u00f3n del titular de la ASE que fue publicada el 6 de agosto.<\/p>\n\n\n\n<p>Sin dar a conocer nombres, se\u00f1alaron que por lo menos 15 de los 30 aspirantes a dirigir la Auditor\u00eda Superior del Estado ocuparon cargos p\u00fablicos 2 a\u00f1os antes de iniciar el proceso de selecci\u00f3n.<\/p>\n\n\n\n<p>Se\u00f1alaron que de manera irregular la comisi\u00f3n encargada de dictaminar las solicitudes, las aprob\u00f3 a pesar de que la mitad no cumpli\u00f3 los requisitos. \u201cAl momento del registro se entrega el plan de trabajo, se entrega el curr\u00edculum, pero tambi\u00e9n se entrega una carta de no estar habilitado en ninguna funci\u00f3n p\u00fablica, entonces no entendemos por qu\u00e9 aceptan a compa\u00f1eros y compa\u00f1eras con esa situaci\u00f3n\u201d, explicaron.<\/p>\n\n\n\n<p>Aclararon que no proponen a nadie como titular de la ASE, y que su \u00fanico inter\u00e9s es cuidar el procedimiento para que todo se apegue al procedimiento establecido.<\/p>\n\n\n\n<p>\u201cLas asociaciones civiles no pedimos nada extraordinario, simplemente pedimos que se apeguen a la ley 468 de Fiscalizaci\u00f3n\u201d, en la designaci\u00f3n del titular de la Auditor\u00eda, indicaron.<\/p>\n\n\n\n<p>Asimismo, denunciaron que hay un retraso en la aplicaci\u00f3n de las entrevistas a los aspirantes. Dijeron que si bien la ley no establece fechas, es necesario que se agilicen como parte del procedimiento.<\/p>\n","protected":false},"excerpt":{"rendered":"<p>DENUNCIAN IRREGULARIDADES EN EL PROCESO DE SELECCI\u00d3N DEL NUEVO TITULAR DE LA AUDITOR\u00cdA SUPERIOR DEL ESTADO. Por Marcial Campuzano Organizaciones de profesionistas y de la sociedad civil, denunciaron que el &hellip; <a href=\"https:\/\/unoticias.com.mx\/index.php\/2021\/08\/11\/denuncian-irregularidades-en-el-proceso-de-seleccion-del-nuevo-titular-de-la-auditoria-superior-del-estado\/\" class=\"more-link\">Leer m\u00e1s<\/a><\/p>\n","protected":false},"author":1,"featured_media":10096,"comment_status":"open","ping_status":"open","sticky":false,"template":"","format":"standard","meta":{"spay_email":"","footnotes":"","jetpack_publicize_message":"","jetpack_is_tweetstorm":false,"jetpack_publicize_feature_enabled":true},"categories":[15],"tags":[],"class_list":["post-10095","post","type-post","status-publish","format-standard","has-post-thumbnail","hentry","category-local-news","entry"],"jetpack_featured_media_url":"https:\/\/unoticias.com.mx\/wp-content\/uploads\/2021\/08\/FB_IMG_1628643483337.jpg","jetpack_publicize_connections":[],"jetpack_sharing_enabled":true,"jetpack_likes_enabled":true,"_links":{"self":[{"href":"https:\/\/unoticias.com.mx\/index.php\/wp-json\/wp\/v2\/posts\/10095","targetHints":{"allow":["GET"]}}],"collection":[{"href":"https:\/\/unoticias.com.mx\/index.php\/wp-json\/wp\/v2\/posts"}],"about":[{"href":"https:\/\/unoticias.com.mx\/index.php\/wp-json\/wp\/v2\/types\/post"}],"author":[{"embeddable":true,"href":"https:\/\/unoticias.com.mx\/index.php\/wp-json\/wp\/v2\/users\/1"}],"replies":[{"embeddable":true,"href":"https:\/\/unoticias.com.mx\/index.php\/wp-json\/wp\/v2\/comments?post=10095"}],"version-history":[{"count":1,"href":"https:\/\/unoticias.com.mx\/index.php\/wp-json\/wp\/v2\/posts\/10095\/revisions"}],"predecessor-version":[{"id":10097,"href":"https:\/\/unoticias.com.mx\/index.php\/wp-json\/wp\/v2\/posts\/10095\/revisions\/10097"}],"wp:featuredmedia":[{"embeddable":true,"href":"https:\/\/unoticias.com.mx\/index.php\/wp-json\/wp\/v2\/media\/10096"}],"wp:attachment":[{"href":"https:\/\/unoticias.com.mx\/index.php\/wp-json\/wp\/v2\/media?parent=10095"}],"wp:term":[{"taxonomy":"category","embeddable":true,"href":"https:\/\/unoticias.com.mx\/index.php\/wp-json\/wp\/v2\/categories?post=10095"},{"taxonomy":"post_tag","embeddable":true,"href":"https:\/\/unoticias.com.mx\/index.php\/wp-json\/wp\/v2\/tags?post=10095"}],"curies":[{"name":"wp","href":"https:\/\/api.w.org\/{rel}","templated":true}]}}