{"id":10203,"date":"2021-08-19T15:08:03","date_gmt":"2021-08-19T15:08:03","guid":{"rendered":"https:\/\/unoticias.com.mx\/?p=10203"},"modified":"2021-08-19T15:08:03","modified_gmt":"2021-08-19T15:08:03","slug":"la-trayectoria-de-grace-sobre-territorio-mexicano","status":"publish","type":"post","link":"https:\/\/unoticias.com.mx\/index.php\/2021\/08\/19\/la-trayectoria-de-grace-sobre-territorio-mexicano\/","title":{"rendered":"LA TRAYECTORIA DE \u201cGRACE\u201d SOBRE TERRITORIO MEXICANO"},"content":{"rendered":"\n<p>LA TRAYECTORIA DE \u201cGRACE\u201d SOBRE TERRITORIO MEXICANO<\/p>\n\n\n\n<ul class=\"wp-block-list\"><li>Veracruz se alista para recibir el impacto de \u201cGrace\u201d despu\u00e9s de que concluya su paso por la Pen\u00ednsula de Yucat\u00e1n y el Golfo de M\u00e9xico. Veracruz #ultimasnoticias \ud83d\udea8\ud83d\ude93\ud83d\udc6e\ud83c\udffc\u200d\u2642\ufe0f<\/li><\/ul>\n\n\n\n<p>Veracruz.- El hurac\u00e1n \u201cGrace\u201d luego de haber tocado tierra en el municipio de Tulum este jueves a las 5:38 horas, se prev\u00e9 que siga avanzando durante los pr\u00f3ximos d\u00edas hacia Veracruz.<\/p>\n\n\n\n<p>Una vez concluya su traves\u00eda por la Pen\u00ednsula de Yucat\u00e1n como tormenta se espera recupere fuerza al ingresar al suroeste del golfo ma\u00f1ana viernes, dirigi\u00e9ndose a un punto entre Tampico y el puerto de Veracruz, donde ingresar\u00eda la madrugada del s\u00e1bado 21 como hurac\u00e1n con vientos m\u00e1ximos sostenidos de 140 kil\u00f3metros por hora y rachas de 165 o superiores.<\/p>\n\n\n\n<p>De ser as\u00ed, se registrar\u00e1n tormentas y lluvias de 30 a 60 mil\u00edmetros de manera general con m\u00e1ximas de 100 a 150 y m\u00e1ximas de 200 a 300 mil\u00edmetros, principalmente entre las cuencas del P\u00e1nuco al Actopan entre viernes y s\u00e1bado, pero con pron\u00f3stico de lluvias durante el fin de semana en todo el estado de Veracruz.<\/p>\n\n\n\n<p>El oleaje pronosticado ser\u00e1 de 4 a 8 metros, especialmente en la costa norte a la llegada del cicl\u00f3n.<\/p>\n\n\n\n<p>Por otra parte, la Secretar\u00eda de Protecci\u00f3n Civil recomienda realizar medidas preventivas, seguir las instrucciones de las autoridades locales y estar al tanto de las actualizaciones emitidas sobre el fen\u00f3meno metereol\u00f3gico.<\/p>\n\n\n\n<p>Se pide tambi\u00e9n a la ciudadan\u00eda extreme precauciones ante la presencia de lluvias y tormentas que pueden favorecer la crecida de r\u00edos o arroyos, inundaciones en llanuras, deslaves, deslizamientos de tierra y derrumbes, anegaciones y corrientes peligrosas de agua en centros urbanos.<\/p>\n\n\n\n<p>Con la fuerza de sus vientos se podr\u00edan presentar derrumbes de casas, ca\u00eddas de \u00e1rboles, anuncios o espectaculares.<\/p>\n","protected":false},"excerpt":{"rendered":"<p>LA TRAYECTORIA DE \u201cGRACE\u201d SOBRE TERRITORIO MEXICANO Veracruz se alista para recibir el impacto de \u201cGrace\u201d despu\u00e9s de que concluya su paso por la Pen\u00ednsula de Yucat\u00e1n y el Golfo &hellip; <a href=\"https:\/\/unoticias.com.mx\/index.php\/2021\/08\/19\/la-trayectoria-de-grace-sobre-territorio-mexicano\/\" class=\"more-link\">Leer m\u00e1s<\/a><\/p>\n","protected":false},"author":1,"featured_media":10204,"comment_status":"open","ping_status":"open","sticky":false,"template":"","format":"standard","meta":{"spay_email":"","footnotes":"","jetpack_publicize_message":"","jetpack_is_tweetstorm":false,"jetpack_publicize_feature_enabled":true},"categories":[44,40],"tags":[],"class_list":["post-10203","post","type-post","status-publish","format-standard","has-post-thumbnail","hentry","category-clima","category-nacional","entry"],"jetpack_featured_media_url":"https:\/\/unoticias.com.mx\/wp-content\/uploads\/2021\/08\/LogoLicious_20210819_093107.jpg","jetpack_publicize_connections":[],"jetpack_sharing_enabled":true,"jetpack_likes_enabled":true,"_links":{"self":[{"href":"https:\/\/unoticias.com.mx\/index.php\/wp-json\/wp\/v2\/posts\/10203","targetHints":{"allow":["GET"]}}],"collection":[{"href":"https:\/\/unoticias.com.mx\/index.php\/wp-json\/wp\/v2\/posts"}],"about":[{"href":"https:\/\/unoticias.com.mx\/index.php\/wp-json\/wp\/v2\/types\/post"}],"author":[{"embeddable":true,"href":"https:\/\/unoticias.com.mx\/index.php\/wp-json\/wp\/v2\/users\/1"}],"replies":[{"embeddable":true,"href":"https:\/\/unoticias.com.mx\/index.php\/wp-json\/wp\/v2\/comments?post=10203"}],"version-history":[{"count":1,"href":"https:\/\/unoticias.com.mx\/index.php\/wp-json\/wp\/v2\/posts\/10203\/revisions"}],"predecessor-version":[{"id":10205,"href":"https:\/\/unoticias.com.mx\/index.php\/wp-json\/wp\/v2\/posts\/10203\/revisions\/10205"}],"wp:featuredmedia":[{"embeddable":true,"href":"https:\/\/unoticias.com.mx\/index.php\/wp-json\/wp\/v2\/media\/10204"}],"wp:attachment":[{"href":"https:\/\/unoticias.com.mx\/index.php\/wp-json\/wp\/v2\/media?parent=10203"}],"wp:term":[{"taxonomy":"category","embeddable":true,"href":"https:\/\/unoticias.com.mx\/index.php\/wp-json\/wp\/v2\/categories?post=10203"},{"taxonomy":"post_tag","embeddable":true,"href":"https:\/\/unoticias.com.mx\/index.php\/wp-json\/wp\/v2\/tags?post=10203"}],"curies":[{"name":"wp","href":"https:\/\/api.w.org\/{rel}","templated":true}]}}