{"id":10217,"date":"2021-08-20T16:01:08","date_gmt":"2021-08-20T16:01:08","guid":{"rendered":"https:\/\/unoticias.com.mx\/?p=10217"},"modified":"2021-08-20T16:01:08","modified_gmt":"2021-08-20T16:01:08","slug":"2-muertos-y-1-heridos-durante-un-ataque-armado-en-la-montana","status":"publish","type":"post","link":"https:\/\/unoticias.com.mx\/index.php\/2021\/08\/20\/2-muertos-y-1-heridos-durante-un-ataque-armado-en-la-montana\/","title":{"rendered":"2 muertos y 1 heridos durante un ataque armado en la monta\u00f1a."},"content":{"rendered":"\n<p>2 muertos y 1 heridos durante un ataque armado en la monta\u00f1a.<\/p>\n\n\n\n<p>TLAPA, GRO. Dos muertos y un herido fue saldo sangriento de un ataque balazos a una familia que viajaba en un autom\u00f3vil en #Tlapa por calles de la periferia de esta ciudad de la Monta\u00f1a, a la medianoche de este jueves.<br>\u200cDe acuerdo con datos policiales, los hechos ocurrieron en el crucero de la carretera Tlapa-Tlaquilzinapa, hasta donde se movilizaron elementos de las diferentes corporaciones de seguridad.<br>\u200cSe inform\u00f3 que el veh\u00edculo atacado fue un Jetta blanco, cuyo conductor no detuvo su marcha y pudo llegar al Hospital General, a pesar de ir herido.<br>\u200cLa v\u00edctima que sobrevivi\u00f3 al ataque dijo llamarse Jos\u00e9 &#8220;N&#8221;, de 42 a\u00f1os, su salud se reportaba como delicada.<br>\u200cPerecieron por la r\u00e1faga de fuego su hermano identificado como Edel Beltr\u00e1n, de 40 a\u00f1os y su padre Jacobo Beltr\u00e1n Astudillo, de 62 a\u00f1os.<br>Tras las diligencias, los cuerpos fueron llevados a las instalaciones de la Fiscal\u00eda Regional, para los tr\u00e1mites correspondientes.<br>Hasta la entrega de esta informaci\u00f3n no se report\u00f3 la detenci\u00f3n de ning\u00fan responsable de estos hechos criminales.<\/p>\n","protected":false},"excerpt":{"rendered":"<p>2 muertos y 1 heridos durante un ataque armado en la monta\u00f1a. TLAPA, GRO. Dos muertos y un herido fue saldo sangriento de un ataque balazos a una familia que &hellip; <a href=\"https:\/\/unoticias.com.mx\/index.php\/2021\/08\/20\/2-muertos-y-1-heridos-durante-un-ataque-armado-en-la-montana\/\" class=\"more-link\">Leer m\u00e1s<\/a><\/p>\n","protected":false},"author":1,"featured_media":10218,"comment_status":"open","ping_status":"open","sticky":false,"template":"","format":"standard","meta":{"spay_email":"","footnotes":"","jetpack_publicize_message":"","jetpack_is_tweetstorm":false,"jetpack_publicize_feature_enabled":true},"categories":[15],"tags":[],"class_list":["post-10217","post","type-post","status-publish","format-standard","has-post-thumbnail","hentry","category-local-news","entry"],"jetpack_featured_media_url":"https:\/\/unoticias.com.mx\/wp-content\/uploads\/2021\/08\/IMG_20210820_105924_328.jpg","jetpack_publicize_connections":[],"jetpack_sharing_enabled":true,"jetpack_likes_enabled":true,"_links":{"self":[{"href":"https:\/\/unoticias.com.mx\/index.php\/wp-json\/wp\/v2\/posts\/10217","targetHints":{"allow":["GET"]}}],"collection":[{"href":"https:\/\/unoticias.com.mx\/index.php\/wp-json\/wp\/v2\/posts"}],"about":[{"href":"https:\/\/unoticias.com.mx\/index.php\/wp-json\/wp\/v2\/types\/post"}],"author":[{"embeddable":true,"href":"https:\/\/unoticias.com.mx\/index.php\/wp-json\/wp\/v2\/users\/1"}],"replies":[{"embeddable":true,"href":"https:\/\/unoticias.com.mx\/index.php\/wp-json\/wp\/v2\/comments?post=10217"}],"version-history":[{"count":1,"href":"https:\/\/unoticias.com.mx\/index.php\/wp-json\/wp\/v2\/posts\/10217\/revisions"}],"predecessor-version":[{"id":10219,"href":"https:\/\/unoticias.com.mx\/index.php\/wp-json\/wp\/v2\/posts\/10217\/revisions\/10219"}],"wp:featuredmedia":[{"embeddable":true,"href":"https:\/\/unoticias.com.mx\/index.php\/wp-json\/wp\/v2\/media\/10218"}],"wp:attachment":[{"href":"https:\/\/unoticias.com.mx\/index.php\/wp-json\/wp\/v2\/media?parent=10217"}],"wp:term":[{"taxonomy":"category","embeddable":true,"href":"https:\/\/unoticias.com.mx\/index.php\/wp-json\/wp\/v2\/categories?post=10217"},{"taxonomy":"post_tag","embeddable":true,"href":"https:\/\/unoticias.com.mx\/index.php\/wp-json\/wp\/v2\/tags?post=10217"}],"curies":[{"name":"wp","href":"https:\/\/api.w.org\/{rel}","templated":true}]}}