{"id":10220,"date":"2021-08-20T17:42:07","date_gmt":"2021-08-20T17:42:07","guid":{"rendered":"https:\/\/unoticias.com.mx\/?p=10220"},"modified":"2021-08-20T17:42:11","modified_gmt":"2021-08-20T17:42:11","slug":"no-puede-haber-regreso-a-las-aulas-con-improvisaciones-y-una-estrategia-mal-ejecutada-prd","status":"publish","type":"post","link":"https:\/\/unoticias.com.mx\/index.php\/2021\/08\/20\/no-puede-haber-regreso-a-las-aulas-con-improvisaciones-y-una-estrategia-mal-ejecutada-prd\/","title":{"rendered":"NO PUEDE HABER REGRESO A LAS AULAS CON IMPROVISACIONES Y UNA ESTRATEGIA MAL EJECUTADA: PRD."},"content":{"rendered":"\n<p>NO PUEDE HABER REGRESO A LAS AULAS CON IMPROVISACIONES Y UNA ESTRATEGIA MAL EJECUTADA: PRD.<\/p>\n\n\n\n<p>Escribe: Marcial Campuzano<\/p>\n\n\n\n<p>El regreso a clases presenciales en las escuelas no debe ser producto de un rancio voluntarismo presidencial que utiliza expresiones como \u201caunque llueva, truene o relampaguee\u201d, y de retos de correr riesgos porque \u201clos caminos de la vida no son como yo pensaba\u201d, como ir\u00f3nicamente lo dijo el presidente de la Rep\u00fablica Andr\u00e9s Manuel L\u00f3pez Obrador, se\u00f1al\u00f3 el vicecoordinador de la fracci\u00f3n parlamentaria del PRD del Congreso local Celestino Ces\u00e1reo Guzm\u00e1n.<\/p>\n\n\n\n<p>Al participar en la sesi\u00f3n legislativa virtual que este mi\u00e9rcoles llev\u00f3 a cabo la Comisi\u00f3n Permanente, el legislador perredista manifest\u00f3 que banalizar el regreso a clases como se ha hecho, \u201cconfirma la patente incapacidad del gobierno federal de conducir los asuntos de la Rep\u00fablica por el buen camino\u201d.<\/p>\n\n\n\n<p>Ces\u00e1reo Guzm\u00e1n se\u00f1al\u00f3 que no pueden los padres de familia enviar a sus hijos a las escuelas para recibir clases presenciales en medio de la pandemia, con una estrategia mal ejecutada e improvisada como ocurri\u00f3 hoy con la cancelaci\u00f3n de la controvertida carta responsiva, con la que el gobierno federal pretendi\u00f3 cargar toda la responsabilidad a los progenitores de lo que pudiera ocurrirles a los alumnos en caso de contagios masivos.<\/p>\n\n\n\n<p>El ruido medi\u00e1tico que surge desde la Presidencia de la Rep\u00fablica por las expresiones que hizo el presidente, de que debe haber clases presenciales aunque llueva, truene o relampaguee, y al ilustrar sus comentarios con la canci\u00f3n \u201cLos Caminos de la Vida\u201d, sin duda dio nota y se tradujo en memes que inundaron las redes sociales, pero que eso est\u00e1 muy lejos de establecer la ruta para volver con la mayor seguridad posible a la nueva normalidad, indic\u00f3.<\/p>\n\n\n\n<p>Hay instituciones serias como la Universidad Nacional Aut\u00f3noma de M\u00e9xico (UNAM), que estableci\u00f3 como criterio para volver a las aulas la prevalencia de 3 semanas de sem\u00e1foro epidemiol\u00f3gico en verde.<\/p>\n\n\n\n<p>\u201cPor eso vale la pena reflexionar si como estado soberano que es Guerrero, seguiremos el camino incierto que ha trazado la Federaci\u00f3n, o nos decidimos a hacer bien las cosas\u201d, indic\u00f3 el legislador.<\/p>\n\n\n\n<p>El vicecoordinador de la bancada perredista del Congreso local coincide en la necesidad de que sean retomadas las actividades escolares en las escuelas, para evitar un mayor da\u00f1o a la educaci\u00f3n y el desarrollo de las capacidades de los ni\u00f1os y j\u00f3venes, \u201csobre todo cuando la estrategia que implement\u00f3 el gobierno federal en marzo de 2020 Aprende en Casa, no encontr\u00f3 en Guerrero la infraestructura en conectividad para ofrecer buenos resultados\u201d.<\/p>\n\n\n\n<p>Una de las justificaciones para volver a las clases presenciales, como ha sido se\u00f1alado, es para frenar efectos nocivos como la violencia intrafamiliar, embarazos no deseados, y efectos sicol\u00f3gicos y cognitivos; \u201csin embargo s\u00f3lo se menciona, y sus efectos reales los habremos de conocer con el paso del tiempo\u201d, indic\u00f3.<\/p>\n\n\n\n<p>Tambi\u00e9n existe la otra justificaci\u00f3n m\u00e1s real en el sentido de que la educaci\u00f3n de las futuras generaciones se ha visto interrumpida, convirtiendo estos a\u00f1os en tiempo perdido, agreg\u00f3.<\/p>\n\n\n\n<p>\u201cSin embargo tambi\u00e9n existe la justificaci\u00f3n fundada de que no podemos enviar a nuestros hijos e hijas a un pretendido regreso a clases mal ejecutado e improvisado, donde el gobierno no se asume corresponsable, e impone a los padres de familia una mal llamada \u201ccarta compromiso\u201d que hoy fue eliminada\u201d, indic\u00f3.<\/p>\n\n\n\n<p>Celestino Ces\u00e1reo manifest\u00f3 que el regreso a clases presenciales a partir del pr\u00f3ximo ciclo escolar que comenzar\u00e1 el 30 de agosto es fundamental, \u201cpero no podemos convertir la necesidad de frenar la crisis educativa que viven Guerrero y el pa\u00eds, en el agravamiento de la crisis sanitaria\u201d.<\/p>\n","protected":false},"excerpt":{"rendered":"<p>NO PUEDE HABER REGRESO A LAS AULAS CON IMPROVISACIONES Y UNA ESTRATEGIA MAL EJECUTADA: PRD. Escribe: Marcial Campuzano El regreso a clases presenciales en las escuelas no debe ser producto &hellip; <a href=\"https:\/\/unoticias.com.mx\/index.php\/2021\/08\/20\/no-puede-haber-regreso-a-las-aulas-con-improvisaciones-y-una-estrategia-mal-ejecutada-prd\/\" class=\"more-link\">Leer m\u00e1s<\/a><\/p>\n","protected":false},"author":1,"featured_media":10221,"comment_status":"open","ping_status":"open","sticky":false,"template":"","format":"standard","meta":{"spay_email":"","footnotes":"","jetpack_publicize_message":"","jetpack_is_tweetstorm":false,"jetpack_publicize_feature_enabled":true},"categories":[1],"tags":[],"class_list":["post-10220","post","type-post","status-publish","format-standard","has-post-thumbnail","hentry","category-sin-categoria","entry"],"jetpack_featured_media_url":"https:\/\/unoticias.com.mx\/wp-content\/uploads\/2021\/08\/FB_IMG_1629481011384.jpg","jetpack_publicize_connections":[],"jetpack_sharing_enabled":true,"jetpack_likes_enabled":true,"_links":{"self":[{"href":"https:\/\/unoticias.com.mx\/index.php\/wp-json\/wp\/v2\/posts\/10220","targetHints":{"allow":["GET"]}}],"collection":[{"href":"https:\/\/unoticias.com.mx\/index.php\/wp-json\/wp\/v2\/posts"}],"about":[{"href":"https:\/\/unoticias.com.mx\/index.php\/wp-json\/wp\/v2\/types\/post"}],"author":[{"embeddable":true,"href":"https:\/\/unoticias.com.mx\/index.php\/wp-json\/wp\/v2\/users\/1"}],"replies":[{"embeddable":true,"href":"https:\/\/unoticias.com.mx\/index.php\/wp-json\/wp\/v2\/comments?post=10220"}],"version-history":[{"count":1,"href":"https:\/\/unoticias.com.mx\/index.php\/wp-json\/wp\/v2\/posts\/10220\/revisions"}],"predecessor-version":[{"id":10222,"href":"https:\/\/unoticias.com.mx\/index.php\/wp-json\/wp\/v2\/posts\/10220\/revisions\/10222"}],"wp:featuredmedia":[{"embeddable":true,"href":"https:\/\/unoticias.com.mx\/index.php\/wp-json\/wp\/v2\/media\/10221"}],"wp:attachment":[{"href":"https:\/\/unoticias.com.mx\/index.php\/wp-json\/wp\/v2\/media?parent=10220"}],"wp:term":[{"taxonomy":"category","embeddable":true,"href":"https:\/\/unoticias.com.mx\/index.php\/wp-json\/wp\/v2\/categories?post=10220"},{"taxonomy":"post_tag","embeddable":true,"href":"https:\/\/unoticias.com.mx\/index.php\/wp-json\/wp\/v2\/tags?post=10220"}],"curies":[{"name":"wp","href":"https:\/\/api.w.org\/{rel}","templated":true}]}}