{"id":10238,"date":"2021-08-21T23:07:42","date_gmt":"2021-08-21T23:07:42","guid":{"rendered":"https:\/\/unoticias.com.mx\/?p=10238"},"modified":"2021-08-21T23:07:42","modified_gmt":"2021-08-21T23:07:42","slug":"se-registra-accidente-sobre-la-carretera-libre-acapulco-chilpancingo-2-heridos","status":"publish","type":"post","link":"https:\/\/unoticias.com.mx\/index.php\/2021\/08\/21\/se-registra-accidente-sobre-la-carretera-libre-acapulco-chilpancingo-2-heridos\/","title":{"rendered":"SE REGISTRA ACCIDENTE SOBRE LA CARRETERA LIBRE ACAPULCO &#8211; CHILPANCINGO 2 HERIDOS."},"content":{"rendered":"\n<p>SE REGISTRA ACCIDENTE SOBRE LA CARRETERA LIBRE ACAPULCO &#8211; CHILPANCINGO 2 HERIDOS.<\/p>\n\n\n\n<p>Chilpancingo de los Bravo, Gro.,2 Heridos fue el saldo de un choque automovil\u00edstico sobre la carretera libre Chilpancingo &#8211; Acapulco, cerca del puente elevado del poblado de Petaquillas.<\/p>\n\n\n\n<p>Al auxilio acudi\u00f3 personal y unidades de la Secretar\u00eda de Protecci\u00f3n Civil Estatal, informando que dos personas resultaron lesionadas al accidentarse un veh\u00edculo tipo Spark marca Chevrolet, con placas de circulaci\u00f3n GZX-334 de Guerrero.<\/p>\n\n\n\n<p><em>Lesionados trasladados al Hospital Privado Santa Fe:<\/em><\/p>\n\n\n\n<ol class=\"wp-block-list\"><li>Noem\u00ed N de 28 a\u00f1os de edad, con domicilio en la calle Insurgentes, colonia Morelos, Ocotito, Chilpancingo de los Bravo, diagn\u00f3stico de fractura bilateral de f\u00e9mur.<\/li><li>Ignacio N de 26 a\u00f1os de edad, domicilio en la localidad Juli\u00e1n Blanco de Dos Caminos, municipio de Chilpancingo de los Bravo, diagn\u00f3stico de policontundido.<\/li><\/ol>\n","protected":false},"excerpt":{"rendered":"<p>SE REGISTRA ACCIDENTE SOBRE LA CARRETERA LIBRE ACAPULCO &#8211; CHILPANCINGO 2 HERIDOS. Chilpancingo de los Bravo, Gro.,2 Heridos fue el saldo de un choque automovil\u00edstico sobre la carretera libre Chilpancingo &hellip; <a href=\"https:\/\/unoticias.com.mx\/index.php\/2021\/08\/21\/se-registra-accidente-sobre-la-carretera-libre-acapulco-chilpancingo-2-heridos\/\" class=\"more-link\">Leer m\u00e1s<\/a><\/p>\n","protected":false},"author":1,"featured_media":10239,"comment_status":"open","ping_status":"open","sticky":false,"template":"","format":"standard","meta":{"spay_email":"","footnotes":"","jetpack_publicize_message":"","jetpack_is_tweetstorm":false,"jetpack_publicize_feature_enabled":true},"categories":[15],"tags":[],"class_list":["post-10238","post","type-post","status-publish","format-standard","has-post-thumbnail","hentry","category-local-news","entry"],"jetpack_featured_media_url":"https:\/\/unoticias.com.mx\/wp-content\/uploads\/2021\/08\/IMG_20210821_180114_777.jpg","jetpack_publicize_connections":[],"jetpack_sharing_enabled":true,"jetpack_likes_enabled":true,"_links":{"self":[{"href":"https:\/\/unoticias.com.mx\/index.php\/wp-json\/wp\/v2\/posts\/10238","targetHints":{"allow":["GET"]}}],"collection":[{"href":"https:\/\/unoticias.com.mx\/index.php\/wp-json\/wp\/v2\/posts"}],"about":[{"href":"https:\/\/unoticias.com.mx\/index.php\/wp-json\/wp\/v2\/types\/post"}],"author":[{"embeddable":true,"href":"https:\/\/unoticias.com.mx\/index.php\/wp-json\/wp\/v2\/users\/1"}],"replies":[{"embeddable":true,"href":"https:\/\/unoticias.com.mx\/index.php\/wp-json\/wp\/v2\/comments?post=10238"}],"version-history":[{"count":1,"href":"https:\/\/unoticias.com.mx\/index.php\/wp-json\/wp\/v2\/posts\/10238\/revisions"}],"predecessor-version":[{"id":10240,"href":"https:\/\/unoticias.com.mx\/index.php\/wp-json\/wp\/v2\/posts\/10238\/revisions\/10240"}],"wp:featuredmedia":[{"embeddable":true,"href":"https:\/\/unoticias.com.mx\/index.php\/wp-json\/wp\/v2\/media\/10239"}],"wp:attachment":[{"href":"https:\/\/unoticias.com.mx\/index.php\/wp-json\/wp\/v2\/media?parent=10238"}],"wp:term":[{"taxonomy":"category","embeddable":true,"href":"https:\/\/unoticias.com.mx\/index.php\/wp-json\/wp\/v2\/categories?post=10238"},{"taxonomy":"post_tag","embeddable":true,"href":"https:\/\/unoticias.com.mx\/index.php\/wp-json\/wp\/v2\/tags?post=10238"}],"curies":[{"name":"wp","href":"https:\/\/api.w.org\/{rel}","templated":true}]}}