{"id":10312,"date":"2021-08-27T14:46:16","date_gmt":"2021-08-27T14:46:16","guid":{"rendered":"https:\/\/unoticias.com.mx\/?p=10312"},"modified":"2021-08-27T14:46:16","modified_gmt":"2021-08-27T14:46:16","slug":"rendira-protesta-el-proximo-1-de-septiembre-el-diputado-federal-victoriano-wences-real-en-la-lxv-legislatura","status":"publish","type":"post","link":"https:\/\/unoticias.com.mx\/index.php\/2021\/08\/27\/rendira-protesta-el-proximo-1-de-septiembre-el-diputado-federal-victoriano-wences-real-en-la-lxv-legislatura\/","title":{"rendered":"Rendir\u00e1 protesta el pr\u00f3ximo 1 de Septiembre; el diputado federal Victoriano Wences Real, en la LXV legislatura."},"content":{"rendered":"\n<p>Rendir\u00e1 protesta el pr\u00f3ximo 1 de Septiembre; el diputado federal Victoriano Wences Real, en la LXV legislatura.<\/p>\n\n\n\n<p>Por: Lety Cuchillo<\/p>\n\n\n\n<p>El pr\u00f3ximo 1 de septiembre, #VictorianoWencesReal rendir\u00e1 protesta en la C\u00e1mara de Diputados del Congreso de la Uni\u00f3n como Diputado Federal del 5to Distrito para formar parte de la LXV legislatura en donde como siempre lo ha hecho har\u00e1 uso de la tribuna para que la voz del pueblo pueda ser escuchada, convirti\u00e9ndose en una pieza fundamental para luchar y defensor el inter\u00e9s colectivo, basando su permanente participaci\u00f3n en la b\u00fasqueda por elevar el desarrollo de la Regi\u00f3n de la Monta\u00f1a y de la entidad guerrense.<\/p>\n\n\n\n<p>Sus principales objetivos ser\u00e1 pugnar por una educaci\u00f3n de calidad que garantice la instalaci\u00f3n de internet gratuito en las comunidades y municipios m\u00e1s apartados, al convertirse en una herramienta muy necesaria en los tiempos actuales para la educaci\u00f3n de la ni\u00f1ez y de los j\u00f3venes.<\/p>\n\n\n\n<p>Adem\u00e1s de que desde la m\u00e1xima tribuna del Congreso de la Uni\u00f3n, Wences Real buscar\u00e1 la asignaci\u00f3n de mayores recursos que le permitan a la entidad guerrense poder atender el tema de los caminos y carreteras que han permanecido en el olvido, ocasionando graves problemas de incomunicaci\u00f3n entre los ciudadanos y sus pueblos.<\/p>\n\n\n\n<p>Pero sin duda el punto medular de su participaci\u00f3n en la C\u00e1mara de Diputados ser\u00e1 enfocado al tema de salud, un asunto realmente primordial en estos tiempos de pandemia, de muerte y de verdadera crisis en materia de infraestructura, recursos materiales y de atenci\u00f3n en los servicios m\u00e9dicos.<\/p>\n\n\n\n<p>En ese contexto, Wences Real siempre ha mostrado su mano amiga para cuidar la salud de la poblaci\u00f3n, contribuyendo con la prestaci\u00f3n de servicios m\u00e9dicos con medicamentos gratuitos que se brindan a la ciudadan\u00eda a trav\u00e9s de la Casa de Gestor\u00eda en Tlapa de Comonfort, adem\u00e1s de las jornadas m\u00e9dicas que se llevan directamente a las comunidades mediante la unidad m\u00f3vil; acciones que a la fecha suman m\u00e1s de 300 mil consultas.<\/p>\n\n\n\n<p>Hablar de 300 mil consultas gratuitas con entrega de medicamentos es desde luego un apoyo importante que ning\u00fan otro pol\u00edtico de la Regi\u00f3n de la Monta\u00f1a ha podido brindar.<\/p>\n\n\n\n<p>Rubro en el cual, nuevamente Wences Real, ha prometido invertir la mayor parte de su dieta (salario) que como diputado federal obtenga para comprar otra unidad m\u00e9dica m\u00f3vil, con el objetivo de que un mayor n\u00famero de personas pueda recibir el servicio m\u00e9dico gratuito directamente en sus comunidades y municipios.<\/p>\n\n\n\n<p>Mostrando con ello su enorme compromiso y pasi\u00f3n de servicio, decir tambi\u00e9n que mucha gente de los pueblos y de la ciudad de Tlapa se han mostrado agradecidos por ese noble gesto de ayuda y apoyo permanente.<\/p>\n\n\n\n<p>Desde luego que esas ganas de ayudar y de soluci\u00f3n a la demanda social no a todo mundo le agrada, pues existen aquellos que escudados en el anonimato todo lo critican y aprovechan cada espacio para lanzar tierra y su veneno causado por su impotencia de no poder hacer el bien a sus semejantes.<\/p>\n\n\n\n<p>Aunque como bien lo ha se\u00f1alado en diversas ocasiones el propio Victoriano, no es monenita de oro para caerles bien a todos, y eso queda claro en aquellos que por su falta de empat\u00eda con los dem\u00e1s siempre van a criticar todo lo que se haga bien, eso es parte de la naturaleza humana.<\/p>\n\n\n\n<p>Esos a los que nada les embona siempre van a existir, principalmente mostrar\u00e1n su envidia contra aquellos que hacen el bien como es el caso de Victoriano Wences Real.<\/p>\n\n\n\n<p>Por supuesto que la cr\u00edtica siempre es importante para mejorar y corregir lo que se este haciendo mal, pero siempre y cuando los comentarios sean prop\u00f3sitos y otorguen alternativas de soluci\u00f3n.<\/p>\n\n\n\n<p>Remarcar que como todo ser humano, Wences Real tiene sus errores, pero son m\u00e1s sus puntos buenos los que han marcado su trayectoria pol\u00edtica, y los que con seguridad le acompa\u00f1ar\u00e1n en est\u00e1 nueva encomienda que tiene en el pr\u00f3ximo periodo legislativo.<\/p>\n\n\n\n<p>Los temas que se abordar\u00e1n en la LXV legislatura de la C\u00e1mara de Diputados ser\u00e1n variados e importantes, y es ah\u00ed donde, Victoriano Wences Real pondr\u00e1 todo su empe\u00f1o para representar con propuestas y resultados a la Regi\u00f3n de la Monta\u00f1a, a la Costa Chica, al estado de Guerrero y a todo el pa\u00eds.<\/p>\n\n\n\n<p>Imponiendo su capacidad, trayectoria y preparaci\u00f3n en los temas legislativos, de gesti\u00f3n y atenci\u00f3n a la demanda social, augurando desde ahora qu\u00e9 Victoriano tendr\u00e1 una participaci\u00f3n exitosa en el Congreso de la Uni\u00f3n.<\/p>\n","protected":false},"excerpt":{"rendered":"<p>Rendir\u00e1 protesta el pr\u00f3ximo 1 de Septiembre; el diputado federal Victoriano Wences Real, en la LXV legislatura. Por: Lety Cuchillo El pr\u00f3ximo 1 de septiembre, #VictorianoWencesReal rendir\u00e1 protesta en la &hellip; <a href=\"https:\/\/unoticias.com.mx\/index.php\/2021\/08\/27\/rendira-protesta-el-proximo-1-de-septiembre-el-diputado-federal-victoriano-wences-real-en-la-lxv-legislatura\/\" class=\"more-link\">Leer m\u00e1s<\/a><\/p>\n","protected":false},"author":1,"featured_media":10313,"comment_status":"open","ping_status":"open","sticky":false,"template":"","format":"standard","meta":{"spay_email":"","footnotes":"","jetpack_publicize_message":"","jetpack_is_tweetstorm":false,"jetpack_publicize_feature_enabled":true},"categories":[3],"tags":[],"class_list":["post-10312","post","type-post","status-publish","format-standard","has-post-thumbnail","hentry","category-africa","entry"],"jetpack_featured_media_url":"https:\/\/unoticias.com.mx\/wp-content\/uploads\/2021\/08\/IMG_20210827_094158_347.jpg","jetpack_publicize_connections":[],"jetpack_sharing_enabled":true,"jetpack_likes_enabled":true,"_links":{"self":[{"href":"https:\/\/unoticias.com.mx\/index.php\/wp-json\/wp\/v2\/posts\/10312","targetHints":{"allow":["GET"]}}],"collection":[{"href":"https:\/\/unoticias.com.mx\/index.php\/wp-json\/wp\/v2\/posts"}],"about":[{"href":"https:\/\/unoticias.com.mx\/index.php\/wp-json\/wp\/v2\/types\/post"}],"author":[{"embeddable":true,"href":"https:\/\/unoticias.com.mx\/index.php\/wp-json\/wp\/v2\/users\/1"}],"replies":[{"embeddable":true,"href":"https:\/\/unoticias.com.mx\/index.php\/wp-json\/wp\/v2\/comments?post=10312"}],"version-history":[{"count":1,"href":"https:\/\/unoticias.com.mx\/index.php\/wp-json\/wp\/v2\/posts\/10312\/revisions"}],"predecessor-version":[{"id":10314,"href":"https:\/\/unoticias.com.mx\/index.php\/wp-json\/wp\/v2\/posts\/10312\/revisions\/10314"}],"wp:featuredmedia":[{"embeddable":true,"href":"https:\/\/unoticias.com.mx\/index.php\/wp-json\/wp\/v2\/media\/10313"}],"wp:attachment":[{"href":"https:\/\/unoticias.com.mx\/index.php\/wp-json\/wp\/v2\/media?parent=10312"}],"wp:term":[{"taxonomy":"category","embeddable":true,"href":"https:\/\/unoticias.com.mx\/index.php\/wp-json\/wp\/v2\/categories?post=10312"},{"taxonomy":"post_tag","embeddable":true,"href":"https:\/\/unoticias.com.mx\/index.php\/wp-json\/wp\/v2\/tags?post=10312"}],"curies":[{"name":"wp","href":"https:\/\/api.w.org\/{rel}","templated":true}]}}