{"id":10346,"date":"2021-08-30T23:17:05","date_gmt":"2021-08-30T23:17:05","guid":{"rendered":"https:\/\/unoticias.com.mx\/?p=10346"},"modified":"2021-08-30T23:17:05","modified_gmt":"2021-08-30T23:17:05","slug":"se-reune-evelyn-salgado-pineda-con-diputadas-y-diputados-locales-electos-de-morena","status":"publish","type":"post","link":"https:\/\/unoticias.com.mx\/index.php\/2021\/08\/30\/se-reune-evelyn-salgado-pineda-con-diputadas-y-diputados-locales-electos-de-morena\/","title":{"rendered":"Se re\u00fane Evelyn Salgado Pineda con diputadas y diputados locales electos de Morena"},"content":{"rendered":"\n<p>Se re\u00fane Evelyn Salgado Pineda<br>con diputadas y diputados locales<br>electos de Morena<\/p>\n\n\n\n<ul class=\"wp-block-list\"><li>Reafirman el compromiso de trabajar en unidad para lograr la Cuarta Transformaci\u00f3n en Guerrero<\/li><\/ul>\n\n\n\n<p>Chilpancingo, Gro., 30 de agosto de 2021.- La gobernadora electa, Evelyn Salgado Pineda, sostuvo un encuentro con diputadas y diputados locales electos de Morena, con quienes coincidi\u00f3 en fortalecer la ruta de cambio aut\u00e9ntico para el estado, con el objetivo de sumar al trabajo de unidad que Guerrero necesita para lograr la Cuarta Transformaci\u00f3n.<\/p>\n\n\n\n<p>Este lunes en Chilpancingo, se celebr\u00f3 la reuni\u00f3n en la que se abord\u00f3 como tema principal, privilegiar el trabajo en unidad para atender la agenda legislativa con los temas prioritarios del estado, impulsando las reformas necesarias y apostando al futuro de Guerrero.<\/p>\n\n\n\n<p>Despu\u00e9s de escuchar a las y los legisladores, la gobernadora electa reiter\u00f3 que el di\u00e1logo es fundamental para la construcci\u00f3n de acuerdos, ofreciendo constante apertura y coordinaci\u00f3n, para que desde Guerrero se abone a la agenda nacional y el trabajo que encabeza el Presidente Andr\u00e9s Manuel L\u00f3pez Obrador.<\/p>\n\n\n\n<p>Salgado Pineda destac\u00f3 la necesidad de contar con un presupuesto regionalizado, priorizar la igualdad sustantiva entre mujeres y hombres a trav\u00e9s de acciones concretas, adem\u00e1s de sumar esfuerzos en los temas fundamentales para el estado como son salud, educaci\u00f3n y seguridad.<\/p>\n\n\n\n<p>Finalmente, ante las mujeres y hombres que conformar\u00e1n la nueva legislatura, la gobernadora electa mencion\u00f3 que, la confianza del pueblo es la base del trabajo que se est\u00e1 emprendiendo, con el alto compromiso de entregar buenos resultados, para responder a las necesidades de la gente y tener un Guerrero m\u00e1s justo, pr\u00f3spero e incluyente.<\/p>\n","protected":false},"excerpt":{"rendered":"<p>Se re\u00fane Evelyn Salgado Pinedacon diputadas y diputados localeselectos de Morena Reafirman el compromiso de trabajar en unidad para lograr la Cuarta Transformaci\u00f3n en Guerrero Chilpancingo, Gro., 30 de agosto &hellip; <a href=\"https:\/\/unoticias.com.mx\/index.php\/2021\/08\/30\/se-reune-evelyn-salgado-pineda-con-diputadas-y-diputados-locales-electos-de-morena\/\" class=\"more-link\">Leer m\u00e1s<\/a><\/p>\n","protected":false},"author":1,"featured_media":10347,"comment_status":"open","ping_status":"open","sticky":false,"template":"","format":"standard","meta":{"spay_email":"","footnotes":"","jetpack_publicize_message":"","jetpack_is_tweetstorm":false,"jetpack_publicize_feature_enabled":true},"categories":[3],"tags":[],"class_list":["post-10346","post","type-post","status-publish","format-standard","has-post-thumbnail","hentry","category-africa","entry"],"jetpack_featured_media_url":"https:\/\/unoticias.com.mx\/wp-content\/uploads\/2021\/08\/FB_IMG_1630365296885.jpg","jetpack_publicize_connections":[],"jetpack_sharing_enabled":true,"jetpack_likes_enabled":true,"_links":{"self":[{"href":"https:\/\/unoticias.com.mx\/index.php\/wp-json\/wp\/v2\/posts\/10346","targetHints":{"allow":["GET"]}}],"collection":[{"href":"https:\/\/unoticias.com.mx\/index.php\/wp-json\/wp\/v2\/posts"}],"about":[{"href":"https:\/\/unoticias.com.mx\/index.php\/wp-json\/wp\/v2\/types\/post"}],"author":[{"embeddable":true,"href":"https:\/\/unoticias.com.mx\/index.php\/wp-json\/wp\/v2\/users\/1"}],"replies":[{"embeddable":true,"href":"https:\/\/unoticias.com.mx\/index.php\/wp-json\/wp\/v2\/comments?post=10346"}],"version-history":[{"count":1,"href":"https:\/\/unoticias.com.mx\/index.php\/wp-json\/wp\/v2\/posts\/10346\/revisions"}],"predecessor-version":[{"id":10348,"href":"https:\/\/unoticias.com.mx\/index.php\/wp-json\/wp\/v2\/posts\/10346\/revisions\/10348"}],"wp:featuredmedia":[{"embeddable":true,"href":"https:\/\/unoticias.com.mx\/index.php\/wp-json\/wp\/v2\/media\/10347"}],"wp:attachment":[{"href":"https:\/\/unoticias.com.mx\/index.php\/wp-json\/wp\/v2\/media?parent=10346"}],"wp:term":[{"taxonomy":"category","embeddable":true,"href":"https:\/\/unoticias.com.mx\/index.php\/wp-json\/wp\/v2\/categories?post=10346"},{"taxonomy":"post_tag","embeddable":true,"href":"https:\/\/unoticias.com.mx\/index.php\/wp-json\/wp\/v2\/tags?post=10346"}],"curies":[{"name":"wp","href":"https:\/\/api.w.org\/{rel}","templated":true}]}}