{"id":10358,"date":"2021-08-31T14:40:01","date_gmt":"2021-08-31T14:40:01","guid":{"rendered":"https:\/\/unoticias.com.mx\/?p=10358"},"modified":"2021-08-31T14:40:01","modified_gmt":"2021-08-31T14:40:01","slug":"morena-va-por-ley-de-juicio-politico-en-primera-sesion-de-la-65-legislatura","status":"publish","type":"post","link":"https:\/\/unoticias.com.mx\/index.php\/2021\/08\/31\/morena-va-por-ley-de-juicio-politico-en-primera-sesion-de-la-65-legislatura\/","title":{"rendered":"Morena va por Ley de Juicio Pol\u00edtico en primera sesi\u00f3n de la 65 Legislatura"},"content":{"rendered":"\n<p>Morena va por Ley de Juicio Pol\u00edtico<br>en primera sesi\u00f3n de la 65 Legislatura<\/p>\n\n\n\n<p>Fernando Dami\u00e1n \/\/ El grupo parlamentario de Morena en la C\u00e1mara de Diputados solicitar\u00e1 celebrar la primera sesi\u00f3n ordinaria de la 65 Legislatura este 1 de septiembre para discutir y votar la Ley Federal de Juicio Pol\u00edtico y Declaraci\u00f3n de Procedencia, a fin de actualizar la reglamentaci\u00f3n de dichos procesos y la responsabilidad penal del Presidente de la Rep\u00fablica.<\/p>\n\n\n\n<p>As\u00ed lo confirm\u00f3 a MILENIO el coordinador de la bancada morenista en el Palacio de San L\u00e1zaro, Ignacio Mier, al subrayar que ya existe un dictamen que la oposici\u00f3n se neg\u00f3 a desahogar en un periodo extraordinario de sesiones a mediados de agosto.<\/p>\n\n\n\n<p>\u201cYo voy a solicitar que se convoque a sesi\u00f3n ordinaria el d\u00eda 1 de septiembre, inmediatamente despu\u00e9s de que termine la sesi\u00f3n de Congreso General; que la Mesa Directiva convoque a sesi\u00f3n ordinaria por la noche para se someta a discusi\u00f3n el dictamen\u201d, dijo.<\/p>\n\n\n\n<p>Subray\u00f3 que la Comisi\u00f3n de Gobernaci\u00f3n de la C\u00e1mara de Diputados aprob\u00f3 el dictamen de la Ley Federal de Juicio Pol\u00edtico y Declaraci\u00f3n de Procedencia desde el pasado 13 de agosto, por lo que ya es necesario llevarlo al pleno, sin generar una par\u00e1lisis legislativa.<\/p>\n\n\n\n<p>\u201cYa tenemos el dictamen, lo tiene bajo resguardo la Mesa Directiva, y nosotros lo que vamos a hacer es legislar, no podemos tener una par\u00e1lisis legislativa\u201d, indic\u00f3.<\/p>\n\n\n\n<p>El nuevo ordenamiento abrogar\u00eda la Ley Federal de Responsabilidades de los Servidores P\u00fablicos, que a juicio de la comisi\u00f3n dictaminadora \u201ctiene una estructura interna agotada y est\u00e1 en disonancia con la Constituci\u00f3n, los derechos humanos y el sistema de procuraci\u00f3n de justicia.<\/p>\n\n\n\n<p>\u201c(La ley vigente) mantiene un camino estrecho, corto, confuso y de dif\u00edcil transitar que, desafortunadamente, no siempre concluye en el ejercicio de la acci\u00f3n de la justicia\u201d, puntualiz\u00f3 en su momento Jaime Humberto P\u00e9rez, presidente de la Comisi\u00f3n de Gobernaci\u00f3n.<\/p>\n\n\n\n<p>La Ley Federal de Juicio Pol\u00edtico y Declaraci\u00f3n de Procedencia prev\u00e9 reglamentar los art\u00edculos 108, 109, 110, 111 y 112 de la Constituci\u00f3n Pol\u00edtica en materia de juicio pol\u00edtico, declaraci\u00f3n de procedencia y responsabilidad penal del Presidente de la Rep\u00fablica.<\/p>\n\n\n\n<p>\u201cEs respetuosa de los derechos humanos y de los art\u00edculos constitucionales; es una norma que respeta y procura los principios de transparencia, debido proceso, legitimidad, certeza y seguridad jur\u00eddica, celeridad y continuidad procesal\u201d, se\u00f1ala el dictamen que Morena pedir\u00e1 discutir y votar ma\u00f1ana mismo, tras la sesi\u00f3n de Congreso General con que inicia el primer periodo de sesiones de la 65 Legislatura en el Palacio de San L\u00e1zaro.<\/p>\n","protected":false},"excerpt":{"rendered":"<p>Morena va por Ley de Juicio Pol\u00edticoen primera sesi\u00f3n de la 65 Legislatura Fernando Dami\u00e1n \/\/ El grupo parlamentario de Morena en la C\u00e1mara de Diputados solicitar\u00e1 celebrar la primera &hellip; <a href=\"https:\/\/unoticias.com.mx\/index.php\/2021\/08\/31\/morena-va-por-ley-de-juicio-politico-en-primera-sesion-de-la-65-legislatura\/\" class=\"more-link\">Leer m\u00e1s<\/a><\/p>\n","protected":false},"author":1,"featured_media":10359,"comment_status":"open","ping_status":"open","sticky":false,"template":"","format":"standard","meta":{"spay_email":"","footnotes":"","jetpack_publicize_message":"","jetpack_is_tweetstorm":false,"jetpack_publicize_feature_enabled":true},"categories":[40],"tags":[],"class_list":["post-10358","post","type-post","status-publish","format-standard","has-post-thumbnail","hentry","category-nacional","entry"],"jetpack_featured_media_url":"https:\/\/unoticias.com.mx\/wp-content\/uploads\/2021\/08\/FB_IMG_1630420713072.jpg","jetpack_publicize_connections":[],"jetpack_sharing_enabled":true,"jetpack_likes_enabled":true,"_links":{"self":[{"href":"https:\/\/unoticias.com.mx\/index.php\/wp-json\/wp\/v2\/posts\/10358","targetHints":{"allow":["GET"]}}],"collection":[{"href":"https:\/\/unoticias.com.mx\/index.php\/wp-json\/wp\/v2\/posts"}],"about":[{"href":"https:\/\/unoticias.com.mx\/index.php\/wp-json\/wp\/v2\/types\/post"}],"author":[{"embeddable":true,"href":"https:\/\/unoticias.com.mx\/index.php\/wp-json\/wp\/v2\/users\/1"}],"replies":[{"embeddable":true,"href":"https:\/\/unoticias.com.mx\/index.php\/wp-json\/wp\/v2\/comments?post=10358"}],"version-history":[{"count":1,"href":"https:\/\/unoticias.com.mx\/index.php\/wp-json\/wp\/v2\/posts\/10358\/revisions"}],"predecessor-version":[{"id":10360,"href":"https:\/\/unoticias.com.mx\/index.php\/wp-json\/wp\/v2\/posts\/10358\/revisions\/10360"}],"wp:featuredmedia":[{"embeddable":true,"href":"https:\/\/unoticias.com.mx\/index.php\/wp-json\/wp\/v2\/media\/10359"}],"wp:attachment":[{"href":"https:\/\/unoticias.com.mx\/index.php\/wp-json\/wp\/v2\/media?parent=10358"}],"wp:term":[{"taxonomy":"category","embeddable":true,"href":"https:\/\/unoticias.com.mx\/index.php\/wp-json\/wp\/v2\/categories?post=10358"},{"taxonomy":"post_tag","embeddable":true,"href":"https:\/\/unoticias.com.mx\/index.php\/wp-json\/wp\/v2\/tags?post=10358"}],"curies":[{"name":"wp","href":"https:\/\/api.w.org\/{rel}","templated":true}]}}