{"id":10505,"date":"2021-09-11T02:39:11","date_gmt":"2021-09-11T02:39:11","guid":{"rendered":"https:\/\/unoticias.com.mx\/?p=10505"},"modified":"2021-09-11T02:39:11","modified_gmt":"2021-09-11T02:39:11","slug":"posible-formacion-de-ciclon-tropical-frente-a-las-costas-de-guerrero","status":"publish","type":"post","link":"https:\/\/unoticias.com.mx\/index.php\/2021\/09\/11\/posible-formacion-de-ciclon-tropical-frente-a-las-costas-de-guerrero\/","title":{"rendered":"POSIBLE FORMACI\u00d3N DE CICL\u00d3N TROPICAL FRENTE A LAS COSTAS DE GUERRERO."},"content":{"rendered":"\n<p>POSIBLE FORMACI\u00d3N DE CICL\u00d3N TROPICAL FRENTE A LAS COSTAS DE GUERRERO.<\/p>\n\n\n\n<p>Chilpancingo, Gro., 10 de septiembre del 2021.- La Secretar\u00eda de Protecci\u00f3n Civil Guerrero emiti\u00f3 un alertamiento preventivo, por el pron\u00f3stico de lluvias de fuertes a intensas para los pr\u00f3ximos d\u00edas en la mayor parte del territorio estatal, debido al desarrollo de una zona de baja presi\u00f3n con potencial cicl\u00f3nico en el Oc\u00e9ano Pac\u00edfico.<\/p>\n\n\n\n<p>La dependencia estatal activ\u00f3 los protocolos de vigilancia para dicho sistema, que la tarde de este viernes se ubica a 320 kil\u00f3metros al sur- sureste de la Costa de Chiapas, con un 40 por ciento de probabilidad de desarrollo cicl\u00f3nico, desplaz\u00e1ndose al noroeste con vientos sostenidos de 25 kil\u00f3metros por hora y rachas de 35 kil\u00f3metros por hora.<\/p>\n\n\n\n<p>De acuerdo con el pron\u00f3stico, la zona de baja presi\u00f3n , el d\u00eda domingo bordear\u00e1 las costas de Oaxaca y Guerrero, reforzando la entrada de humedad del Oc\u00e9ano Pac\u00edfico, ocasionando vientos intensos, oleaje elevado de 3 a 4 metros de altura y lluvias de intensas a torrenciales.<\/p>\n\n\n\n<p>Se prev\u00e9 que a partir de la tarde de este s\u00e1bado, el sistema empiece a ingresar nubosidad al estado de Guerrero, incrementando los d\u00edas domingo y lunes, con probabilidad de lluvias y tormentas locales de muy fuertes a intensas en las diferentes regiones, principalmente en la franja costera.<\/p>\n\n\n\n<p>La Secretar\u00eda de Protecci\u00f3n Civil Guerrero, vigila la evoluci\u00f3n y comportamiento de este sistema, a fin de emitir los avisos y alertamientos oportunos para la poblaci\u00f3n y las autoridades municipales, por lo que recomienda extremar medidas de precauci\u00f3n, principalmente en zonas consideradas como de alto riesgo.<\/p>\n","protected":false},"excerpt":{"rendered":"<p>POSIBLE FORMACI\u00d3N DE CICL\u00d3N TROPICAL FRENTE A LAS COSTAS DE GUERRERO. Chilpancingo, Gro., 10 de septiembre del 2021.- La Secretar\u00eda de Protecci\u00f3n Civil Guerrero emiti\u00f3 un alertamiento preventivo, por el &hellip; <a href=\"https:\/\/unoticias.com.mx\/index.php\/2021\/09\/11\/posible-formacion-de-ciclon-tropical-frente-a-las-costas-de-guerrero\/\" class=\"more-link\">Leer m\u00e1s<\/a><\/p>\n","protected":false},"author":1,"featured_media":10506,"comment_status":"open","ping_status":"open","sticky":false,"template":"","format":"standard","meta":{"spay_email":"","footnotes":"","jetpack_publicize_message":"","jetpack_is_tweetstorm":false,"jetpack_publicize_feature_enabled":true},"categories":[44],"tags":[],"class_list":["post-10505","post","type-post","status-publish","format-standard","has-post-thumbnail","hentry","category-clima","entry"],"jetpack_featured_media_url":"https:\/\/unoticias.com.mx\/wp-content\/uploads\/2021\/09\/FB_IMG_1631327712655.jpg","jetpack_publicize_connections":[],"jetpack_sharing_enabled":true,"jetpack_likes_enabled":true,"_links":{"self":[{"href":"https:\/\/unoticias.com.mx\/index.php\/wp-json\/wp\/v2\/posts\/10505","targetHints":{"allow":["GET"]}}],"collection":[{"href":"https:\/\/unoticias.com.mx\/index.php\/wp-json\/wp\/v2\/posts"}],"about":[{"href":"https:\/\/unoticias.com.mx\/index.php\/wp-json\/wp\/v2\/types\/post"}],"author":[{"embeddable":true,"href":"https:\/\/unoticias.com.mx\/index.php\/wp-json\/wp\/v2\/users\/1"}],"replies":[{"embeddable":true,"href":"https:\/\/unoticias.com.mx\/index.php\/wp-json\/wp\/v2\/comments?post=10505"}],"version-history":[{"count":1,"href":"https:\/\/unoticias.com.mx\/index.php\/wp-json\/wp\/v2\/posts\/10505\/revisions"}],"predecessor-version":[{"id":10507,"href":"https:\/\/unoticias.com.mx\/index.php\/wp-json\/wp\/v2\/posts\/10505\/revisions\/10507"}],"wp:featuredmedia":[{"embeddable":true,"href":"https:\/\/unoticias.com.mx\/index.php\/wp-json\/wp\/v2\/media\/10506"}],"wp:attachment":[{"href":"https:\/\/unoticias.com.mx\/index.php\/wp-json\/wp\/v2\/media?parent=10505"}],"wp:term":[{"taxonomy":"category","embeddable":true,"href":"https:\/\/unoticias.com.mx\/index.php\/wp-json\/wp\/v2\/categories?post=10505"},{"taxonomy":"post_tag","embeddable":true,"href":"https:\/\/unoticias.com.mx\/index.php\/wp-json\/wp\/v2\/tags?post=10505"}],"curies":[{"name":"wp","href":"https:\/\/api.w.org\/{rel}","templated":true}]}}