{"id":10538,"date":"2021-09-13T21:57:03","date_gmt":"2021-09-13T21:57:03","guid":{"rendered":"https:\/\/unoticias.com.mx\/?p=10538"},"modified":"2021-09-13T21:57:03","modified_gmt":"2021-09-13T21:57:03","slug":"golpe-economico-del-gobierno-federal-de-la-4t-a-guerrero-disminuira-el-presupuesto-estatal-de-2022","status":"publish","type":"post","link":"https:\/\/unoticias.com.mx\/index.php\/2021\/09\/13\/golpe-economico-del-gobierno-federal-de-la-4t-a-guerrero-disminuira-el-presupuesto-estatal-de-2022\/","title":{"rendered":"GOLPE ECON\u00d3MICO DEL GOBIERNO FEDERAL DE LA 4T A GUERRERO; DISMINUIR\u00c1 EL PRESUPUESTO ESTATAL DE 2022"},"content":{"rendered":"\n<p>GOLPE ECON\u00d3MICO DEL GOBIERNO FEDERAL DE LA 4T A GUERRERO; DISMINUIR\u00c1 EL PRESUPUESTO ESTATAL DE 2022<\/p>\n\n\n\n<p>Marcial Campuzano<\/p>\n\n\n\n<p>Por la baja recaudaci\u00f3n federal y el no crecimiento econ\u00f3mico del pa\u00eds por la pandemia del covid-19, el estado de Guerrero recibir\u00e1 el pr\u00f3ximo a\u00f1o un presupuesto menor en relaci\u00f3n al del ejercicio fiscal 2021, que a su vez fue menor en relaci\u00f3n al monto que tuvo la entidad en el 2020.<\/p>\n\n\n\n<p>El secretario de Finanzas del gobierno del estado Tulio Samuel P\u00e9rez calvo, inform\u00f3 que el presupuesto a la baja del estado de Guerrero lo hizo del conocimiento al subsecretario de Egresos de la Secretar\u00eda de Hacienda y Cr\u00e9dito P\u00fablico, a efecto de que la entidad sea reconsiderada en el pr\u00f3ximo ejercicio fiscal con un mayor monto econ\u00f3mico considerando las grandes necesidades y carencias que se tienen.<\/p>\n\n\n\n<p>De acuerdo a registros period\u00edsticos, la noche del 16 de diciembre de 2019 el Congreso del estado aprob\u00f3 un presupuesto de 61 mil 806 millones de pesos para el gobierno del estado para el ejercicio fiscal 2020; y en diciembre de 2020 aprob\u00f3 para el gobierno del estado un presupuesto de 61 mil 641 millones 521 mil 579 pesos.<\/p>\n\n\n\n<p>El secretario de Finanzas del estado no precis\u00f3 el monto del presupuesto que la Secretar\u00eda de Hacienda y Cr\u00e9dito P\u00fablico propone para Guerrero para el pr\u00f3ximo a\u00f1o, pero el planteamiento que se hace en el proyecto de Presupuesto de Egresos de la Federaci\u00f3n es menor al de los \u00faltimos 2 a\u00f1os.<\/p>\n\n\n\n<p>P\u00e9rez Calvo inform\u00f3 que el gobierno de Guerrero mostr\u00f3 a la Subsecretar\u00eda de Egresos de la Secretar\u00eda de Hacienda, la situaci\u00f3n en la que inici\u00f3 el a\u00f1o 2021 el gobierno del estado con un presupuesto menor al del a\u00f1o pasado, \u201cy hoy se est\u00e1 anunciando que el presupuesto para el ejercicio fiscal 2022 ser\u00e1 menor por la baja recaudaci\u00f3n que ha habido en el pa\u00eds, y por el crecimiento menor que tiene la econom\u00eda causado por la pandemia que detuvo las actividades econ\u00f3micas en gran medida y la recaudaci\u00f3n es mucho menor\u201d.<\/p>\n\n\n\n<p>Indic\u00f3 que no obstante la notable ca\u00eda del presupuesto estatal los gastos son mayores, se deben pagar las prestaciones a los trabajadores que se hacen con las aportaciones mensuales de las participaciones.<\/p>\n\n\n\n<p>El responsable del \u00e1rea financiera del gobierno del estado dio a conocer que del mes de abril a septiembre de este a\u00f1o, el presupuesto de Egresos del gobierno del estado registr\u00f3 una reducci\u00f3n de 1,330 millones de pesos que fueron descontados de las participaciones que recibe la entidad mensualmente.<\/p>\n\n\n\n<p>A esta situaci\u00f3n se suma la no recaudaci\u00f3n de ingresos propios por los efectos negativos que sigue dejando la pandemia en Guerrero, que fren\u00f3 la llegada de alrededor de 2,400 millones de pesos, agreg\u00f3 el funcionario estatal.<\/p>\n\n\n\n<p>Esta situaci\u00f3n financiera complica mucho la salida del actual gobierno del estado, por lo que el gobernador H\u00e9ctor Astudillo ha dicho en reiteradas ocasiones que entregar\u00e1 el gobierno del estado en situaciones financieras complicadas.<\/p>\n","protected":false},"excerpt":{"rendered":"<p>GOLPE ECON\u00d3MICO DEL GOBIERNO FEDERAL DE LA 4T A GUERRERO; DISMINUIR\u00c1 EL PRESUPUESTO ESTATAL DE 2022 Marcial Campuzano Por la baja recaudaci\u00f3n federal y el no crecimiento econ\u00f3mico del pa\u00eds &hellip; <a href=\"https:\/\/unoticias.com.mx\/index.php\/2021\/09\/13\/golpe-economico-del-gobierno-federal-de-la-4t-a-guerrero-disminuira-el-presupuesto-estatal-de-2022\/\" class=\"more-link\">Leer m\u00e1s<\/a><\/p>\n","protected":false},"author":1,"featured_media":10539,"comment_status":"open","ping_status":"open","sticky":false,"template":"","format":"standard","meta":{"spay_email":"","footnotes":"","jetpack_publicize_message":"","jetpack_is_tweetstorm":false,"jetpack_publicize_feature_enabled":true},"categories":[15],"tags":[],"class_list":["post-10538","post","type-post","status-publish","format-standard","has-post-thumbnail","hentry","category-local-news","entry"],"jetpack_featured_media_url":"https:\/\/unoticias.com.mx\/wp-content\/uploads\/2021\/09\/FB_IMG_1631569772549.jpg","jetpack_publicize_connections":[],"jetpack_sharing_enabled":true,"jetpack_likes_enabled":true,"_links":{"self":[{"href":"https:\/\/unoticias.com.mx\/index.php\/wp-json\/wp\/v2\/posts\/10538","targetHints":{"allow":["GET"]}}],"collection":[{"href":"https:\/\/unoticias.com.mx\/index.php\/wp-json\/wp\/v2\/posts"}],"about":[{"href":"https:\/\/unoticias.com.mx\/index.php\/wp-json\/wp\/v2\/types\/post"}],"author":[{"embeddable":true,"href":"https:\/\/unoticias.com.mx\/index.php\/wp-json\/wp\/v2\/users\/1"}],"replies":[{"embeddable":true,"href":"https:\/\/unoticias.com.mx\/index.php\/wp-json\/wp\/v2\/comments?post=10538"}],"version-history":[{"count":1,"href":"https:\/\/unoticias.com.mx\/index.php\/wp-json\/wp\/v2\/posts\/10538\/revisions"}],"predecessor-version":[{"id":10540,"href":"https:\/\/unoticias.com.mx\/index.php\/wp-json\/wp\/v2\/posts\/10538\/revisions\/10540"}],"wp:featuredmedia":[{"embeddable":true,"href":"https:\/\/unoticias.com.mx\/index.php\/wp-json\/wp\/v2\/media\/10539"}],"wp:attachment":[{"href":"https:\/\/unoticias.com.mx\/index.php\/wp-json\/wp\/v2\/media?parent=10538"}],"wp:term":[{"taxonomy":"category","embeddable":true,"href":"https:\/\/unoticias.com.mx\/index.php\/wp-json\/wp\/v2\/categories?post=10538"},{"taxonomy":"post_tag","embeddable":true,"href":"https:\/\/unoticias.com.mx\/index.php\/wp-json\/wp\/v2\/tags?post=10538"}],"curies":[{"name":"wp","href":"https:\/\/api.w.org\/{rel}","templated":true}]}}