{"id":10577,"date":"2021-09-16T15:46:08","date_gmt":"2021-09-16T15:46:08","guid":{"rendered":"https:\/\/unoticias.com.mx\/?p=10577"},"modified":"2021-09-16T15:46:08","modified_gmt":"2021-09-16T15:46:08","slug":"integran-la-jucopo-en-el-congreso-de-guerrero","status":"publish","type":"post","link":"https:\/\/unoticias.com.mx\/index.php\/2021\/09\/16\/integran-la-jucopo-en-el-congreso-de-guerrero\/","title":{"rendered":"INTEGRAN LA JUCOPO EN EL CONGRESO DE GUERRERO"},"content":{"rendered":"\n<h1 class=\"wp-block-heading\">INTEGRAN LA JUCOPO EN EL CONGRESO DE GUERRERO<\/h1>\n\n\n\n<p>15 de septiembre de 2021<\/p>\n\n\n\n<figure class=\"wp-block-image\"><img decoding=\"async\" src=\"https:\/\/congresogro.gob.mx\/63\/inicio\/wp-content\/uploads\/2021\/09\/JUCOPO-BOL-023.jpeg\" alt=\"\"\/><\/figure>\n\n\n\n<p><strong>Chilpancingo, Gro., 15 de septiembre de 2021.-&nbsp;<\/strong>El Congreso del Estado aprob\u00f3 un acuerdo parlamentario por el que se nombra a los integrantes de la Junta de Coordinaci\u00f3n Pol\u00edtica (Jucopo) de la LXIII Legislatura, quedando como presidente el diputado&nbsp;<a href=\"https:\/\/www.facebook.com\/AlfredoD14\/?__cft__%5b0%5d=AZXVD-HPaG4rPrdZMftlIa9CBaaxQ10YeR78DDfIe4HaYK_gxDFK9iUHps_HC4r4J2YAo-CKeZbRMbg9xF8Yzoq0_FQf_aKQ0pRakIok1XKARBDB47Rg-Fjsr2Rolgksg_M5EhTEraUkyPNgwbsWi2iT&amp;__tn__=kK-R\">Alfredo S\u00e1nchez Esquivel<\/a>, por Morena;&nbsp;<a href=\"https:\/\/www.facebook.com\/HectorAprezaSI\/?__cft__%5b0%5d=AZXVD-HPaG4rPrdZMftlIa9CBaaxQ10YeR78DDfIe4HaYK_gxDFK9iUHps_HC4r4J2YAo-CKeZbRMbg9xF8Yzoq0_FQf_aKQ0pRakIok1XKARBDB47Rg-Fjsr2Rolgksg_M5EhTEraUkyPNgwbsWi2iT&amp;__tn__=kK-R\">H\u00e9ctor Apreza Patr\u00f3n<\/a>&nbsp;como secretario, del PRI, y como vocales el diputado Raymundo Garc\u00eda Guti\u00e9rrez (PRD),&nbsp;<a href=\"https:\/\/www.facebook.com\/Manuel-Qui%C3%B1onez-442173343260136\/?__cft__%5b0%5d=AZXVD-HPaG4rPrdZMftlIa9CBaaxQ10YeR78DDfIe4HaYK_gxDFK9iUHps_HC4r4J2YAo-CKeZbRMbg9xF8Yzoq0_FQf_aKQ0pRakIok1XKARBDB47Rg-Fjsr2Rolgksg_M5EhTEraUkyPNgwbsWi2iT&amp;__tn__=kK-R\">Manuel Qui\u00f1\u00f3nez<\/a>&nbsp;Cort\u00e9s (PVEM),&nbsp;<a href=\"https:\/\/www.facebook.com\/Leticia-Mosso-Hern%C3%A1ndez-286344738859867\/?__cft__%5b0%5d=AZXVD-HPaG4rPrdZMftlIa9CBaaxQ10YeR78DDfIe4HaYK_gxDFK9iUHps_HC4r4J2YAo-CKeZbRMbg9xF8Yzoq0_FQf_aKQ0pRakIok1XKARBDB47Rg-Fjsr2Rolgksg_M5EhTEraUkyPNgwbsWi2iT&amp;__tn__=kK-R\">Leticia Mosso Hern\u00e1ndez<\/a>&nbsp;(PT) y&nbsp;<a href=\"https:\/\/www.facebook.com\/Dip-Local-Ana-Lenis-Res%C3%A9ndiz-Javier-103387152067778\/?__cft__%5b0%5d=AZXVD-HPaG4rPrdZMftlIa9CBaaxQ10YeR78DDfIe4HaYK_gxDFK9iUHps_HC4r4J2YAo-CKeZbRMbg9xF8Yzoq0_FQf_aKQ0pRakIok1XKARBDB47Rg-Fjsr2Rolgksg_M5EhTEraUkyPNgwbsWi2iT&amp;__tn__=kK-R\">Ana Lenis Res\u00e9ndiz Javier<\/a>&nbsp;(PAN).<\/p>\n\n\n\n<p>El acuerdo refiere que la integraci\u00f3n, duraci\u00f3n, funcionamiento, facultades y obligaciones de la Jucopo ser\u00e1n determinadas en la Ley Org\u00e1nica del Poder Legislativo del Estado de Guerrero y se constituye como el \u00f3rgano colegiado facultado para ejercer el gobierno, en el que se impulsan entendimientos y convergencias, a fin de alcanzar y facilitar los consensos que coadyuven a la gobernabilidad democr\u00e1tica del Congreso del Estado.<\/p>\n\n\n\n<p>Al fijar postura a nombre del Grupo Parlamentario de Morena, el diputado Alfredo S\u00e1nchez Esquivel expuso que la aprobaci\u00f3n de este acuerdo para nombrar a la Junta de Coordinaci\u00f3n Pol\u00edtica es el inicio de la continuidad en los trabajos legislativos de la LXIII Legislatura, en los que debe privar la madurez pol\u00edtica y la altura de miras.<\/p>\n\n\n\n<p>Asimismo, extern\u00f3 un reconocimiento a la presidenta de la Mesa Directiva, por su oficio pol\u00edtico, y llam\u00f3 a sus hom\u00f3logos para trabajar con miras a que esta legislatura sea la mejor, porque Guerrero es primero y hay necesidad de que los actores pol\u00edticos den lo mejor de s\u00ed.<\/p>\n\n\n\n<p>Por su parte, el diputado&nbsp;<a href=\"https:\/\/www.facebook.com\/HectorAprezaSI\/?__cft__%5b0%5d=AZWTji6QM4KhxARZrdUROjl19b7s6Vt6G4vLb4cGnRVb_RP0Go_ZlQZx_gL5j1X1KYXuRUV25z5_mTaM3gDBHZ3_LC0BcQlNI9TL2o0F7wknH_3qgXl7nZowQAdo7-tzOGEytSchqRc07Q_PLw4r5t8e&amp;__tn__=kK-R\">Apreza Patr\u00f3n<\/a>, a nombre del Grupo Parlamentario del PRI, celebr\u00f3 que haya habido la capacidad de dirimir diferencias, respetando la Ley Org\u00e1nica del Poder Legislativo, y que mediante el di\u00e1logo se haya logrado conformar la Jucopo.<\/p>\n\n\n\n<p>Hizo tambi\u00e9n un llamado para que siempre permee el di\u00e1logo en la construcci\u00f3n de acuerdos, como \u00f3rgano colegiado que son, para que el trabajo legislativo avance en bien del estado.<\/p>\n\n\n\n<p>En su oportunidad, el diputado Raymundo Garc\u00eda Guti\u00e9rrez, coordinador del GPPRD, dijo que el avance en la conformaci\u00f3n de la Junta es muestra de civilidad pol\u00edtica por parte de todas las fuerzas representadas en la LXIII Legislatura, y reiter\u00f3 que su partido ser\u00e1 part\u00edcipe de los trabajos que abonen al desarrollo y buen entendimiento, evitando la polarizaci\u00f3n.<\/p>\n\n\n\n<p>Indic\u00f3 que la democracia se construye con el di\u00e1logo, el entendimiento y el consenso, poniendo por delante el inter\u00e9s de las y los guerrerenses<\/p>\n\n\n\n<p>Al hacer uso de la palabra, la representante del PAN,<a href=\"https:\/\/www.facebook.com\/Dip-Local-Ana-Lenis-Res%C3%A9ndiz-Javier-103387152067778\/?__cft__%5b0%5d=AZW3D4v7qWrSozVdgu7CuFSLLtKXHL0R30CVjGantpMJ4uu2E3i0HvDOJ4iWpp4i_2grlTBb9dg2nhBHtrWMGdPwL3VMsWRkVXXPUvWsciOQbJCE8ax-Pe-Eu_57siJrKZS9lRExlFKhPbTFJod56JXI&amp;__tn__=kK-R\">&nbsp;diputada Ana Lenis Res\u00e9ndiz Javier<\/a>, dijo que se conducir\u00e1n basados en la pol\u00edtica que genera acuerdos y que conlleve al trabajo legislativo de exclusivo beneficio para las y los guerrerenses.<\/p>\n\n\n\n<p>Asimismo, manifest\u00f3 que con la conformaci\u00f3n legal de la Jucopo se podr\u00e1n generar los mayores consensos, y llam\u00f3 a sus hom\u00f3logos a trabajar con todo el esfuerzo y profesionalismo.<\/p>\n","protected":false},"excerpt":{"rendered":"<p>INTEGRAN LA JUCOPO EN EL CONGRESO DE GUERRERO 15 de septiembre de 2021 Chilpancingo, Gro., 15 de septiembre de 2021.-&nbsp;El Congreso del Estado aprob\u00f3 un acuerdo parlamentario por el que &hellip; <a href=\"https:\/\/unoticias.com.mx\/index.php\/2021\/09\/16\/integran-la-jucopo-en-el-congreso-de-guerrero\/\" class=\"more-link\">Leer m\u00e1s<\/a><\/p>\n","protected":false},"author":1,"featured_media":10578,"comment_status":"open","ping_status":"open","sticky":false,"template":"","format":"standard","meta":{"spay_email":"","footnotes":"","jetpack_publicize_message":"","jetpack_is_tweetstorm":false,"jetpack_publicize_feature_enabled":true},"categories":[15],"tags":[],"class_list":["post-10577","post","type-post","status-publish","format-standard","has-post-thumbnail","hentry","category-local-news","entry"],"jetpack_featured_media_url":"https:\/\/unoticias.com.mx\/wp-content\/uploads\/2021\/09\/IMG-20210915-WA0123.jpg","jetpack_publicize_connections":[],"jetpack_sharing_enabled":true,"jetpack_likes_enabled":true,"_links":{"self":[{"href":"https:\/\/unoticias.com.mx\/index.php\/wp-json\/wp\/v2\/posts\/10577","targetHints":{"allow":["GET"]}}],"collection":[{"href":"https:\/\/unoticias.com.mx\/index.php\/wp-json\/wp\/v2\/posts"}],"about":[{"href":"https:\/\/unoticias.com.mx\/index.php\/wp-json\/wp\/v2\/types\/post"}],"author":[{"embeddable":true,"href":"https:\/\/unoticias.com.mx\/index.php\/wp-json\/wp\/v2\/users\/1"}],"replies":[{"embeddable":true,"href":"https:\/\/unoticias.com.mx\/index.php\/wp-json\/wp\/v2\/comments?post=10577"}],"version-history":[{"count":1,"href":"https:\/\/unoticias.com.mx\/index.php\/wp-json\/wp\/v2\/posts\/10577\/revisions"}],"predecessor-version":[{"id":10579,"href":"https:\/\/unoticias.com.mx\/index.php\/wp-json\/wp\/v2\/posts\/10577\/revisions\/10579"}],"wp:featuredmedia":[{"embeddable":true,"href":"https:\/\/unoticias.com.mx\/index.php\/wp-json\/wp\/v2\/media\/10578"}],"wp:attachment":[{"href":"https:\/\/unoticias.com.mx\/index.php\/wp-json\/wp\/v2\/media?parent=10577"}],"wp:term":[{"taxonomy":"category","embeddable":true,"href":"https:\/\/unoticias.com.mx\/index.php\/wp-json\/wp\/v2\/categories?post=10577"},{"taxonomy":"post_tag","embeddable":true,"href":"https:\/\/unoticias.com.mx\/index.php\/wp-json\/wp\/v2\/tags?post=10577"}],"curies":[{"name":"wp","href":"https:\/\/api.w.org\/{rel}","templated":true}]}}