{"id":10580,"date":"2021-09-16T19:08:44","date_gmt":"2021-09-16T19:08:44","guid":{"rendered":"https:\/\/unoticias.com.mx\/?p=10580"},"modified":"2021-09-16T19:08:44","modified_gmt":"2021-09-16T19:08:44","slug":"termina-en-tragedia-festejos-patrios-en-taxco-1-muerto","status":"publish","type":"post","link":"https:\/\/unoticias.com.mx\/index.php\/2021\/09\/16\/termina-en-tragedia-festejos-patrios-en-taxco-1-muerto\/","title":{"rendered":"Termina en tragedia festejos patrios en Taxco: 1 Muerto ."},"content":{"rendered":"\n<p>Termina en tragedia festejos patrios en Taxco: 1 Muerto .<\/p>\n\n\n\n<ul class=\"wp-block-list\"><li>Autoriz\u00f3 el alcalde panista Marcos Parra, una fiesta en sem\u00e1foro naranja en una comunidad.<\/li><\/ul>\n\n\n\n<p>*Durante la la borrachera se arm\u00f3 una ri\u00f1a lo que ocasion\u00f3 un gran disturbio.<\/p>\n\n\n\n<p>Taxco de Alarc\u00f3n. Gro. Gracias al valemadrismo del alcalde panista Marcos Efr\u00e9n Parra G\u00f3mez, autoriz\u00f3 una fiesta, un sujeto muri\u00f3 a navajazos durante un baile; no obstante de que el estado se encuentra el sem\u00e1foro naranja.<br>Los hechos ocurrieron durante un baile en Acuitlap\u00e1n, comunidad perteneciente del municipio de Taxco en la cancha de la misma poblaci\u00f3n, donde festejaron el &#8220;Grito de la Independencia de M\u00e9xico&#8221;<br>El baile estuvo totalmente agarrotados por los ciudadanos, qui\u00e9nes consumieron a diestra y siniestra bebidas alcoh\u00f3licas sin control lo que origin\u00f3 qu\u00e9 se desbordaron los \u00e1nimos.<br>La gran fiesta se extendi\u00f3 hasta las 06:00 horas cuando sobrevino la ri\u00f1a entre personas Rolando &#8220;N&#8221; de 45 a\u00f1os de edad, muri\u00f3 al instante al recibir navajazos.<br>Despu\u00e9s una llamada an\u00f3nima al 911, tardaron varias horas en llegar las corporaciones policiacas, entre ellas la Fiscal\u00eda General del Estado (FGE) el cad\u00e1ver fue trasladado a la morgue de Iguala para la necropsia de ley y entrega a sus familiares.<\/p>\n","protected":false},"excerpt":{"rendered":"<p>Termina en tragedia festejos patrios en Taxco: 1 Muerto . Autoriz\u00f3 el alcalde panista Marcos Parra, una fiesta en sem\u00e1foro naranja en una comunidad. *Durante la la borrachera se arm\u00f3 &hellip; <a href=\"https:\/\/unoticias.com.mx\/index.php\/2021\/09\/16\/termina-en-tragedia-festejos-patrios-en-taxco-1-muerto\/\" class=\"more-link\">Leer m\u00e1s<\/a><\/p>\n","protected":false},"author":1,"featured_media":10581,"comment_status":"open","ping_status":"open","sticky":false,"template":"","format":"standard","meta":{"spay_email":"","footnotes":"","jetpack_publicize_message":"","jetpack_is_tweetstorm":false,"jetpack_publicize_feature_enabled":true},"categories":[6],"tags":[],"class_list":["post-10580","post","type-post","status-publish","format-standard","has-post-thumbnail","hentry","category-asia","entry"],"jetpack_featured_media_url":"https:\/\/unoticias.com.mx\/wp-content\/uploads\/2021\/09\/LogoLicious_20210916_134518.jpg","jetpack_publicize_connections":[],"jetpack_sharing_enabled":true,"jetpack_likes_enabled":true,"_links":{"self":[{"href":"https:\/\/unoticias.com.mx\/index.php\/wp-json\/wp\/v2\/posts\/10580","targetHints":{"allow":["GET"]}}],"collection":[{"href":"https:\/\/unoticias.com.mx\/index.php\/wp-json\/wp\/v2\/posts"}],"about":[{"href":"https:\/\/unoticias.com.mx\/index.php\/wp-json\/wp\/v2\/types\/post"}],"author":[{"embeddable":true,"href":"https:\/\/unoticias.com.mx\/index.php\/wp-json\/wp\/v2\/users\/1"}],"replies":[{"embeddable":true,"href":"https:\/\/unoticias.com.mx\/index.php\/wp-json\/wp\/v2\/comments?post=10580"}],"version-history":[{"count":1,"href":"https:\/\/unoticias.com.mx\/index.php\/wp-json\/wp\/v2\/posts\/10580\/revisions"}],"predecessor-version":[{"id":10582,"href":"https:\/\/unoticias.com.mx\/index.php\/wp-json\/wp\/v2\/posts\/10580\/revisions\/10582"}],"wp:featuredmedia":[{"embeddable":true,"href":"https:\/\/unoticias.com.mx\/index.php\/wp-json\/wp\/v2\/media\/10581"}],"wp:attachment":[{"href":"https:\/\/unoticias.com.mx\/index.php\/wp-json\/wp\/v2\/media?parent=10580"}],"wp:term":[{"taxonomy":"category","embeddable":true,"href":"https:\/\/unoticias.com.mx\/index.php\/wp-json\/wp\/v2\/categories?post=10580"},{"taxonomy":"post_tag","embeddable":true,"href":"https:\/\/unoticias.com.mx\/index.php\/wp-json\/wp\/v2\/tags?post=10580"}],"curies":[{"name":"wp","href":"https:\/\/api.w.org\/{rel}","templated":true}]}}