{"id":10667,"date":"2021-09-22T04:01:23","date_gmt":"2021-09-22T04:01:23","guid":{"rendered":"https:\/\/unoticias.com.mx\/?p=10667"},"modified":"2021-09-22T04:01:23","modified_gmt":"2021-09-22T04:01:23","slug":"continuar-con-las-medidas-sanitarias-aun-y-cuando-guerrero-esta-en-semaforo-amarillo","status":"publish","type":"post","link":"https:\/\/unoticias.com.mx\/index.php\/2021\/09\/22\/continuar-con-las-medidas-sanitarias-aun-y-cuando-guerrero-esta-en-semaforo-amarillo\/","title":{"rendered":"CONTINUAR CON LAS MEDIDAS SANITARIAS A\u00daN Y CUANDO GUERRERO EST\u00c1 EN SEM\u00c1FORO AMARILLO"},"content":{"rendered":"\n<p>CONTINUAR CON LAS<br>MEDIDAS SANITARIAS A\u00daN Y CUANDO GUERRERO EST\u00c1 EN SEM\u00c1FORO AMARILLO<\/p>\n\n\n\n<p>&#8212; A nivel nacional Guerrero ocupa el lugar 30 en casos activos. A la baja contagios, hospitalizaciones y defunciones<\/p>\n\n\n\n<p>&#8212; Aplican segunda dosis de Sinovac en siete municipios de la Costa Grande<\/p>\n\n\n\n<p>Chilpancingo, Gro., 21 de septiembre.- A\u00fan y cuando los contagios, hospitalizaciones y defunciones por Covid-19 van a la baja en Guerrero, el gobierno del estado convoc\u00f3 a la poblaci\u00f3n a no bajar la guardia y continuar con las medidas preventivas.<\/p>\n\n\n\n<p>&#8220;La enfermedad est\u00e1 presente, los cuidados deben continuar, no hay que disminuir en lo absoluto. Continuar con el uso del cubrebocas, el lavado de manos, evitar aglomeraciones y lugares cerrados&#8221;.<\/p>\n\n\n\n<p>En la conferencia diaria para dar a conocer la situaci\u00f3n del Covid-19 en la entidad, el secretario de Finanzas y Administraci\u00f3n, Tulio P\u00e9rez Calvo; el secretario de Salud, Carlos de la Pe\u00f1a Pintos, y la directora de Comunicaci\u00f3n Social, Erika L\u00fchrs Cort\u00e9s, pidieron a los guerrerenses no dejar de acudir a los centros de vacunaci\u00f3n para recibir la dosis de la vacuna que les corresponda.<\/p>\n\n\n\n<p>Carlos de la Pe\u00f1a Pintos inform\u00f3 que en las \u00faltimas 24 horas se detectaron 183 nuevos casos, con lo que actualmente se tienen 780 casos activos. El municipio de Pungarabato es el que tiene la mayor incidencia de casos.<\/p>\n\n\n\n<p>Refiri\u00f3 que hay 171 pacientes hospitalizados de los cuales 32 est\u00e1n intubados. El d\u00eda de ayer se registraron 6 defunciones, 2 mayores de 60 a\u00f1os y 4 menores de 60 a\u00f1os de esos, no vacunados 4 y vacunados 2.<\/p>\n\n\n\n<p>Dijo que el promedio de ingresos diarios a los hospitales del sector salud es de 17.<\/p>\n\n\n\n<p>Explic\u00f3 que en cuanto a la vacunaci\u00f3n de ni\u00f1os, el Gobierno Federal ha autorizado solamente para la edad de 12 a 17 a\u00f1os que tengan alguna discapacidad o enfermedad cr\u00f3nica.<\/p>\n\n\n\n<p>Asimismo, se dio a conocer que actualmente se est\u00e1 aplicando la segunda dosis de la vacuna Sinovac a j\u00f3venes de 18 a 29 a\u00f1os en 7 municipios de la Costa Grande.<\/p>\n\n\n\n<p>Por lo que la directora de Comunicaci\u00f3n Social exhort\u00f3 a los j\u00f3venes acudir a vacunarse, &#8220;por favor vayan por su segunda dosis, es muy importante tener el esquema completo de vacunaci\u00f3n y con esto ayudar a que vayan a la baja los casos activos, las hospitalizaciones y sobretodo los fallecimientos&#8221;.<\/p>\n","protected":false},"excerpt":{"rendered":"<p>CONTINUAR CON LASMEDIDAS SANITARIAS A\u00daN Y CUANDO GUERRERO EST\u00c1 EN SEM\u00c1FORO AMARILLO &#8212; A nivel nacional Guerrero ocupa el lugar 30 en casos activos. A la baja contagios, hospitalizaciones y &hellip; <a href=\"https:\/\/unoticias.com.mx\/index.php\/2021\/09\/22\/continuar-con-las-medidas-sanitarias-aun-y-cuando-guerrero-esta-en-semaforo-amarillo\/\" class=\"more-link\">Leer m\u00e1s<\/a><\/p>\n","protected":false},"author":1,"featured_media":10668,"comment_status":"open","ping_status":"open","sticky":false,"template":"","format":"standard","meta":{"spay_email":"","footnotes":"","jetpack_publicize_message":"","jetpack_is_tweetstorm":false,"jetpack_publicize_feature_enabled":true},"categories":[15],"tags":[],"class_list":["post-10667","post","type-post","status-publish","format-standard","has-post-thumbnail","hentry","category-local-news","entry"],"jetpack_featured_media_url":"https:\/\/unoticias.com.mx\/wp-content\/uploads\/2021\/09\/FB_IMG_1632283209337.jpg","jetpack_publicize_connections":[],"jetpack_sharing_enabled":true,"jetpack_likes_enabled":true,"_links":{"self":[{"href":"https:\/\/unoticias.com.mx\/index.php\/wp-json\/wp\/v2\/posts\/10667","targetHints":{"allow":["GET"]}}],"collection":[{"href":"https:\/\/unoticias.com.mx\/index.php\/wp-json\/wp\/v2\/posts"}],"about":[{"href":"https:\/\/unoticias.com.mx\/index.php\/wp-json\/wp\/v2\/types\/post"}],"author":[{"embeddable":true,"href":"https:\/\/unoticias.com.mx\/index.php\/wp-json\/wp\/v2\/users\/1"}],"replies":[{"embeddable":true,"href":"https:\/\/unoticias.com.mx\/index.php\/wp-json\/wp\/v2\/comments?post=10667"}],"version-history":[{"count":1,"href":"https:\/\/unoticias.com.mx\/index.php\/wp-json\/wp\/v2\/posts\/10667\/revisions"}],"predecessor-version":[{"id":10669,"href":"https:\/\/unoticias.com.mx\/index.php\/wp-json\/wp\/v2\/posts\/10667\/revisions\/10669"}],"wp:featuredmedia":[{"embeddable":true,"href":"https:\/\/unoticias.com.mx\/index.php\/wp-json\/wp\/v2\/media\/10668"}],"wp:attachment":[{"href":"https:\/\/unoticias.com.mx\/index.php\/wp-json\/wp\/v2\/media?parent=10667"}],"wp:term":[{"taxonomy":"category","embeddable":true,"href":"https:\/\/unoticias.com.mx\/index.php\/wp-json\/wp\/v2\/categories?post=10667"},{"taxonomy":"post_tag","embeddable":true,"href":"https:\/\/unoticias.com.mx\/index.php\/wp-json\/wp\/v2\/tags?post=10667"}],"curies":[{"name":"wp","href":"https:\/\/api.w.org\/{rel}","templated":true}]}}