{"id":10708,"date":"2021-09-27T15:57:53","date_gmt":"2021-09-27T15:57:53","guid":{"rendered":"https:\/\/unoticias.com.mx\/?p=10708"},"modified":"2021-09-27T15:57:53","modified_gmt":"2021-09-27T15:57:53","slug":"rinde-hoy-protesta-jose-alfredo-romero-olea-como-rector-de-la-universidad-autonoma-de-guerrero","status":"publish","type":"post","link":"https:\/\/unoticias.com.mx\/index.php\/2021\/09\/27\/rinde-hoy-protesta-jose-alfredo-romero-olea-como-rector-de-la-universidad-autonoma-de-guerrero\/","title":{"rendered":"RINDE HOY PROTESTA JOS\u00c9 ALFREDO ROMERO OLEA COMO RECTOR DE LA UNIVERSIDAD AUT\u00d3NOMA DE GUERRERO"},"content":{"rendered":"\n<p>RINDE HOY PROTESTA JOS\u00c9 ALFREDO ROMERO OLEA COMO RECTOR DE LA UNIVERSIDAD AUT\u00d3NOMA DE GUERRERO<\/p>\n\n\n\n<p>Marcial Campuzano<\/p>\n\n\n\n<p>En un hecho in\u00e9dito en la historia de la Universidad Aut\u00f3noma de Guerrero (UAGro), el doctor Jos\u00e9 Alfredo Romero Olea rendir\u00e1 protesta este lunes como rector interino de la m\u00e1xima casa de estudios para el periodo 2021-2023, ante la imposibilidad de que la comunidad universitaria lleve a cabo elecciones por los riesgos de contagios de coronavirus.<\/p>\n\n\n\n<p>La toma de protesta ser\u00e1 a trav\u00e9s de un evento virtual con la participaci\u00f3n de los integrantes del Consejo Universitario, en el marco de una sesi\u00f3n solemne que ser\u00e1 transmitida a trav\u00e9s de la p\u00e1gina oficial de Facebook de la Universidad Aut\u00f3noma de Guerrero.<\/p>\n\n\n\n<p>El doctor Jos\u00e9 Alfredo Romero Olea cumplir\u00e1 en octubre de 2021 un a\u00f1o como rector interino de la UAGro, al suplir en la conducci\u00f3n de la universidad al doctor Javier Salda\u00f1a Almaz\u00e1n, quien enferm\u00f3 de covid-19 que le impidi\u00f3 concluir su segundo periodo como rector de la m\u00e1xima casa de estudios.<\/p>\n\n\n\n<p>En un principio Romero Olea cubrir\u00eda un periodo corto como rector interino, pero debido a que los contagios de covid-19 se agravaron en el estado, el Consejo Universitario determin\u00f3 prolongar su periodo otros 2 a\u00f1os contados a partir del 27 de septiembre de 2021, con la seguridad de que antes de concluir habr\u00e1 elecciones formales para designar al nuevo l\u00edder universitario por un periodo de 4 a\u00f1os, y quien gane tendr\u00e1 derecho a ser reelecto por un periodo m\u00e1s.<\/p>\n","protected":false},"excerpt":{"rendered":"<p>RINDE HOY PROTESTA JOS\u00c9 ALFREDO ROMERO OLEA COMO RECTOR DE LA UNIVERSIDAD AUT\u00d3NOMA DE GUERRERO Marcial Campuzano En un hecho in\u00e9dito en la historia de la Universidad Aut\u00f3noma de Guerrero &hellip; <a href=\"https:\/\/unoticias.com.mx\/index.php\/2021\/09\/27\/rinde-hoy-protesta-jose-alfredo-romero-olea-como-rector-de-la-universidad-autonoma-de-guerrero\/\" class=\"more-link\">Leer m\u00e1s<\/a><\/p>\n","protected":false},"author":1,"featured_media":10709,"comment_status":"open","ping_status":"open","sticky":false,"template":"","format":"standard","meta":{"spay_email":"","footnotes":"","jetpack_publicize_message":"","jetpack_is_tweetstorm":false,"jetpack_publicize_feature_enabled":true},"categories":[3],"tags":[],"class_list":["post-10708","post","type-post","status-publish","format-standard","has-post-thumbnail","hentry","category-africa","entry"],"jetpack_featured_media_url":"https:\/\/unoticias.com.mx\/wp-content\/uploads\/2021\/09\/FB_IMG_1632758147195.jpg","jetpack_publicize_connections":[],"jetpack_sharing_enabled":true,"jetpack_likes_enabled":true,"_links":{"self":[{"href":"https:\/\/unoticias.com.mx\/index.php\/wp-json\/wp\/v2\/posts\/10708","targetHints":{"allow":["GET"]}}],"collection":[{"href":"https:\/\/unoticias.com.mx\/index.php\/wp-json\/wp\/v2\/posts"}],"about":[{"href":"https:\/\/unoticias.com.mx\/index.php\/wp-json\/wp\/v2\/types\/post"}],"author":[{"embeddable":true,"href":"https:\/\/unoticias.com.mx\/index.php\/wp-json\/wp\/v2\/users\/1"}],"replies":[{"embeddable":true,"href":"https:\/\/unoticias.com.mx\/index.php\/wp-json\/wp\/v2\/comments?post=10708"}],"version-history":[{"count":1,"href":"https:\/\/unoticias.com.mx\/index.php\/wp-json\/wp\/v2\/posts\/10708\/revisions"}],"predecessor-version":[{"id":10710,"href":"https:\/\/unoticias.com.mx\/index.php\/wp-json\/wp\/v2\/posts\/10708\/revisions\/10710"}],"wp:featuredmedia":[{"embeddable":true,"href":"https:\/\/unoticias.com.mx\/index.php\/wp-json\/wp\/v2\/media\/10709"}],"wp:attachment":[{"href":"https:\/\/unoticias.com.mx\/index.php\/wp-json\/wp\/v2\/media?parent=10708"}],"wp:term":[{"taxonomy":"category","embeddable":true,"href":"https:\/\/unoticias.com.mx\/index.php\/wp-json\/wp\/v2\/categories?post=10708"},{"taxonomy":"post_tag","embeddable":true,"href":"https:\/\/unoticias.com.mx\/index.php\/wp-json\/wp\/v2\/tags?post=10708"}],"curies":[{"name":"wp","href":"https:\/\/api.w.org\/{rel}","templated":true}]}}