{"id":10757,"date":"2021-10-01T18:14:08","date_gmt":"2021-10-01T18:14:08","guid":{"rendered":"https:\/\/unoticias.com.mx\/?p=10757"},"modified":"2021-10-01T18:14:08","modified_gmt":"2021-10-01T18:14:08","slug":"capturan-a-presunto-asesino-de-ometepec","status":"publish","type":"post","link":"https:\/\/unoticias.com.mx\/index.php\/2021\/10\/01\/capturan-a-presunto-asesino-de-ometepec\/","title":{"rendered":"Capturan a presunto asesino de Ometepec."},"content":{"rendered":"\n<p>Capturan a presunto asesino de Ometepec.<\/p>\n\n\n\n<p>Fiscal\u00eda de Guerrero a trav\u00e9s de la Polic\u00eda Investigadora Ministerial de Ometepec, dio cumplimiento a la orden de aprehensi\u00f3n en contra de Margarito &#8220;N&#8221;, detenido como probable responsable del delito de homicidio calificado en agravio de Luciano &#8220;N&#8221;, quedando a disposici\u00f3n del Juez de Control y Enjuiciamiento penal, por hechos en la carpeta judicial C-34\/2020.<\/p>\n","protected":false},"excerpt":{"rendered":"<p>Capturan a presunto asesino de Ometepec. Fiscal\u00eda de Guerrero a trav\u00e9s de la Polic\u00eda Investigadora Ministerial de Ometepec, dio cumplimiento a la orden de aprehensi\u00f3n en contra de Margarito &#8220;N&#8221;, &hellip; <a href=\"https:\/\/unoticias.com.mx\/index.php\/2021\/10\/01\/capturan-a-presunto-asesino-de-ometepec\/\" class=\"more-link\">Leer m\u00e1s<\/a><\/p>\n","protected":false},"author":1,"featured_media":10758,"comment_status":"open","ping_status":"open","sticky":false,"template":"","format":"standard","meta":{"spay_email":"","footnotes":"","jetpack_publicize_message":"","jetpack_is_tweetstorm":false,"jetpack_publicize_feature_enabled":true},"categories":[6],"tags":[],"class_list":["post-10757","post","type-post","status-publish","format-standard","has-post-thumbnail","hentry","category-asia","entry"],"jetpack_featured_media_url":"https:\/\/unoticias.com.mx\/wp-content\/uploads\/2021\/10\/FB_IMG_1633111818509.jpg","jetpack_publicize_connections":[],"jetpack_sharing_enabled":true,"jetpack_likes_enabled":true,"_links":{"self":[{"href":"https:\/\/unoticias.com.mx\/index.php\/wp-json\/wp\/v2\/posts\/10757","targetHints":{"allow":["GET"]}}],"collection":[{"href":"https:\/\/unoticias.com.mx\/index.php\/wp-json\/wp\/v2\/posts"}],"about":[{"href":"https:\/\/unoticias.com.mx\/index.php\/wp-json\/wp\/v2\/types\/post"}],"author":[{"embeddable":true,"href":"https:\/\/unoticias.com.mx\/index.php\/wp-json\/wp\/v2\/users\/1"}],"replies":[{"embeddable":true,"href":"https:\/\/unoticias.com.mx\/index.php\/wp-json\/wp\/v2\/comments?post=10757"}],"version-history":[{"count":1,"href":"https:\/\/unoticias.com.mx\/index.php\/wp-json\/wp\/v2\/posts\/10757\/revisions"}],"predecessor-version":[{"id":10759,"href":"https:\/\/unoticias.com.mx\/index.php\/wp-json\/wp\/v2\/posts\/10757\/revisions\/10759"}],"wp:featuredmedia":[{"embeddable":true,"href":"https:\/\/unoticias.com.mx\/index.php\/wp-json\/wp\/v2\/media\/10758"}],"wp:attachment":[{"href":"https:\/\/unoticias.com.mx\/index.php\/wp-json\/wp\/v2\/media?parent=10757"}],"wp:term":[{"taxonomy":"category","embeddable":true,"href":"https:\/\/unoticias.com.mx\/index.php\/wp-json\/wp\/v2\/categories?post=10757"},{"taxonomy":"post_tag","embeddable":true,"href":"https:\/\/unoticias.com.mx\/index.php\/wp-json\/wp\/v2\/tags?post=10757"}],"curies":[{"name":"wp","href":"https:\/\/api.w.org\/{rel}","templated":true}]}}