{"id":10760,"date":"2021-10-01T19:11:11","date_gmt":"2021-10-01T19:11:11","guid":{"rendered":"https:\/\/unoticias.com.mx\/?p=10760"},"modified":"2021-10-01T19:11:11","modified_gmt":"2021-10-01T19:11:11","slug":"la-gobernadora-lorena-cuellar-ordena-mas-unidades-de-transporte-para-trasladar-docentes-de-tlaxcala","status":"publish","type":"post","link":"https:\/\/unoticias.com.mx\/index.php\/2021\/10\/01\/la-gobernadora-lorena-cuellar-ordena-mas-unidades-de-transporte-para-trasladar-docentes-de-tlaxcala\/","title":{"rendered":"La gobernadora Lorena Cu\u00e9llar ordena m\u00e1s unidades de transporte para trasladar docentes de Tlaxcala"},"content":{"rendered":"\n<p>La gobernadora Lorena Cu\u00e9llar ordena m\u00e1s unidades de transporte para trasladar docentes de Tlaxcala<\/p>\n\n\n\n<p>Despu\u00e9s de que se manifestar\u00e1n los maestros de Tlaxcala por la nula sanidad en las unidades de transporte que el gobierno dispuso para su traslado a las aulas, la gobernadora de la entidad, Lorena Cu\u00e9llar, anunci\u00f3 el incremento de unidades.<\/p>\n","protected":false},"excerpt":{"rendered":"<p>La gobernadora Lorena Cu\u00e9llar ordena m\u00e1s unidades de transporte para trasladar docentes de Tlaxcala Despu\u00e9s de que se manifestar\u00e1n los maestros de Tlaxcala por la nula sanidad en las unidades &hellip; <a href=\"https:\/\/unoticias.com.mx\/index.php\/2021\/10\/01\/la-gobernadora-lorena-cuellar-ordena-mas-unidades-de-transporte-para-trasladar-docentes-de-tlaxcala\/\" class=\"more-link\">Leer m\u00e1s<\/a><\/p>\n","protected":false},"author":1,"featured_media":10761,"comment_status":"open","ping_status":"open","sticky":false,"template":"","format":"standard","meta":{"spay_email":"","footnotes":"","jetpack_publicize_message":"","jetpack_is_tweetstorm":false,"jetpack_publicize_feature_enabled":true},"categories":[3],"tags":[],"class_list":["post-10760","post","type-post","status-publish","format-standard","has-post-thumbnail","hentry","category-africa","entry"],"jetpack_featured_media_url":"https:\/\/unoticias.com.mx\/wp-content\/uploads\/2021\/10\/FB_IMG_1633115292445.jpg","jetpack_publicize_connections":[],"jetpack_sharing_enabled":true,"jetpack_likes_enabled":true,"_links":{"self":[{"href":"https:\/\/unoticias.com.mx\/index.php\/wp-json\/wp\/v2\/posts\/10760","targetHints":{"allow":["GET"]}}],"collection":[{"href":"https:\/\/unoticias.com.mx\/index.php\/wp-json\/wp\/v2\/posts"}],"about":[{"href":"https:\/\/unoticias.com.mx\/index.php\/wp-json\/wp\/v2\/types\/post"}],"author":[{"embeddable":true,"href":"https:\/\/unoticias.com.mx\/index.php\/wp-json\/wp\/v2\/users\/1"}],"replies":[{"embeddable":true,"href":"https:\/\/unoticias.com.mx\/index.php\/wp-json\/wp\/v2\/comments?post=10760"}],"version-history":[{"count":1,"href":"https:\/\/unoticias.com.mx\/index.php\/wp-json\/wp\/v2\/posts\/10760\/revisions"}],"predecessor-version":[{"id":10762,"href":"https:\/\/unoticias.com.mx\/index.php\/wp-json\/wp\/v2\/posts\/10760\/revisions\/10762"}],"wp:featuredmedia":[{"embeddable":true,"href":"https:\/\/unoticias.com.mx\/index.php\/wp-json\/wp\/v2\/media\/10761"}],"wp:attachment":[{"href":"https:\/\/unoticias.com.mx\/index.php\/wp-json\/wp\/v2\/media?parent=10760"}],"wp:term":[{"taxonomy":"category","embeddable":true,"href":"https:\/\/unoticias.com.mx\/index.php\/wp-json\/wp\/v2\/categories?post=10760"},{"taxonomy":"post_tag","embeddable":true,"href":"https:\/\/unoticias.com.mx\/index.php\/wp-json\/wp\/v2\/tags?post=10760"}],"curies":[{"name":"wp","href":"https:\/\/api.w.org\/{rel}","templated":true}]}}