{"id":10893,"date":"2021-10-13T20:46:49","date_gmt":"2021-10-13T20:46:49","guid":{"rendered":"https:\/\/unoticias.com.mx\/?p=10893"},"modified":"2021-10-13T20:46:49","modified_gmt":"2021-10-13T20:46:49","slug":"los-usos-y-costumbres-de-ninguna-comunidad-pueden-estar-por-encima-de-los-derechos-de-las-ninas-y-los-ninos-beatriz-mojica","status":"publish","type":"post","link":"https:\/\/unoticias.com.mx\/index.php\/2021\/10\/13\/los-usos-y-costumbres-de-ninguna-comunidad-pueden-estar-por-encima-de-los-derechos-de-las-ninas-y-los-ninos-beatriz-mojica\/","title":{"rendered":"\u201cLos usos y costumbres de ninguna comunidad pueden estar por encima de los derechos de las ni\u00f1as y los ni\u00f1os\u201d: Beatriz Mojica."},"content":{"rendered":"\n<p>\u201cLos usos y costumbres de ninguna comunidad pueden estar por encima de los derechos de las ni\u00f1as y los ni\u00f1os\u201d: Beatriz Mojica.<\/p>\n\n\n\n<p>_\u201cLos usos y costumbres de ninguna comunidad pueden estar encima de los derechos de las ni\u00f1as y los ni\u00f1os; estos lamentables hechos dejan en evidencia las graves violaciones a los derechos humanos de las mujeres y ni\u00f1as en el Estado\u201d_, declar\u00f3 la Diputada #BeatrizMojicaMorga, al condenar los hechos sucedidos en la Comunidad de Dos R\u00edos, en el municipio de Cochoapa el Grande, ubicado en la regi\u00f3n de la Monta\u00f1a Alta del estado de Guerrero, en donde las autoridades comunitarias privaron de su libertad y agredieron f\u00edsicamente a Concepci\u00f3n Ventura Aguilar y sus cuatro hijas menores de edad.<\/p>\n\n\n\n<p>Agreg\u00f3, que la pr\u00e1ctica ilegal de trata de ni\u00f1as y adolescentes menores de edad con fines de realizar matrimonios forzados con hombres adultos, la privaci\u00f3n de libertad de Concepci\u00f3n Ventura Aguilar y sus 4 hijas, la brutal violencia f\u00edsica que sufri\u00f3 y que le provoc\u00f3 un aborto poniendo en riesgo su vida, son hechos y pr\u00e1cticas que deben ser investigarse, castigarse y erradicarse.<\/p>\n\n\n\n<p>\u201cEs urgente que se investiguen los hechos, se castigue a los responsables de esta brutal violencia, se brinden medidas de protecci\u00f3n, de no repetici\u00f3n y de reparaci\u00f3n integral del da\u00f1o a las v\u00edctimas, y se erradiquen estas pr\u00e1cticas de violencia comunitaria e institucional que sufren las mujeres y las ni\u00f1as en varias regiones del estado\u201d destac\u00f3.<\/p>\n\n\n\n<p>Finalmente anunci\u00f3 que desde el congreso impulsar\u00e1 iniciativas en favor de los derechos de las ni\u00f1as, ni\u00f1os y adolescentes, adem\u00e1s de seguir siendo aliada de las mujeres, y adelant\u00f3 que est\u00e1 preparando un paquete de iniciativas de la agenda de g\u00e9nero pendiente.<\/p>\n","protected":false},"excerpt":{"rendered":"<p>\u201cLos usos y costumbres de ninguna comunidad pueden estar por encima de los derechos de las ni\u00f1as y los ni\u00f1os\u201d: Beatriz Mojica. _\u201cLos usos y costumbres de ninguna comunidad pueden &hellip; <a href=\"https:\/\/unoticias.com.mx\/index.php\/2021\/10\/13\/los-usos-y-costumbres-de-ninguna-comunidad-pueden-estar-por-encima-de-los-derechos-de-las-ninas-y-los-ninos-beatriz-mojica\/\" class=\"more-link\">Leer m\u00e1s<\/a><\/p>\n","protected":false},"author":1,"featured_media":10894,"comment_status":"open","ping_status":"open","sticky":false,"template":"","format":"standard","meta":{"spay_email":"","footnotes":"","jetpack_publicize_message":"","jetpack_is_tweetstorm":false,"jetpack_publicize_feature_enabled":true},"categories":[3],"tags":[],"class_list":["post-10893","post","type-post","status-publish","format-standard","has-post-thumbnail","hentry","category-africa","entry"],"jetpack_featured_media_url":"https:\/\/unoticias.com.mx\/wp-content\/uploads\/2021\/10\/FB_IMG_1634157800926.jpg","jetpack_publicize_connections":[],"jetpack_sharing_enabled":true,"jetpack_likes_enabled":true,"_links":{"self":[{"href":"https:\/\/unoticias.com.mx\/index.php\/wp-json\/wp\/v2\/posts\/10893","targetHints":{"allow":["GET"]}}],"collection":[{"href":"https:\/\/unoticias.com.mx\/index.php\/wp-json\/wp\/v2\/posts"}],"about":[{"href":"https:\/\/unoticias.com.mx\/index.php\/wp-json\/wp\/v2\/types\/post"}],"author":[{"embeddable":true,"href":"https:\/\/unoticias.com.mx\/index.php\/wp-json\/wp\/v2\/users\/1"}],"replies":[{"embeddable":true,"href":"https:\/\/unoticias.com.mx\/index.php\/wp-json\/wp\/v2\/comments?post=10893"}],"version-history":[{"count":1,"href":"https:\/\/unoticias.com.mx\/index.php\/wp-json\/wp\/v2\/posts\/10893\/revisions"}],"predecessor-version":[{"id":10895,"href":"https:\/\/unoticias.com.mx\/index.php\/wp-json\/wp\/v2\/posts\/10893\/revisions\/10895"}],"wp:featuredmedia":[{"embeddable":true,"href":"https:\/\/unoticias.com.mx\/index.php\/wp-json\/wp\/v2\/media\/10894"}],"wp:attachment":[{"href":"https:\/\/unoticias.com.mx\/index.php\/wp-json\/wp\/v2\/media?parent=10893"}],"wp:term":[{"taxonomy":"category","embeddable":true,"href":"https:\/\/unoticias.com.mx\/index.php\/wp-json\/wp\/v2\/categories?post=10893"},{"taxonomy":"post_tag","embeddable":true,"href":"https:\/\/unoticias.com.mx\/index.php\/wp-json\/wp\/v2\/tags?post=10893"}],"curies":[{"name":"wp","href":"https:\/\/api.w.org\/{rel}","templated":true}]}}