{"id":11114,"date":"2021-10-31T01:45:08","date_gmt":"2021-10-31T01:45:08","guid":{"rendered":"https:\/\/unoticias.com.mx\/?p=11114"},"modified":"2021-10-31T01:45:08","modified_gmt":"2021-10-31T01:45:08","slug":"llegara-a-guerrero-el-programa-de-pavimentacion-de-caminos-a-cabeceras-municipales-evelyn-salgado-pineda","status":"publish","type":"post","link":"https:\/\/unoticias.com.mx\/index.php\/2021\/10\/31\/llegara-a-guerrero-el-programa-de-pavimentacion-de-caminos-a-cabeceras-municipales-evelyn-salgado-pineda\/","title":{"rendered":"Llegar\u00e1 a Guerrero el Programa de Pavimentaci\u00f3n de Caminos a Cabeceras Municipales: Evelyn Salgado Pineda"},"content":{"rendered":"\n<p>Llegar\u00e1 a Guerrero el Programa de Pavimentaci\u00f3n de Caminos a Cabeceras Municipales: Evelyn Salgado Pineda<\/p>\n\n\n\n<p>La gobernadora da seguimiento al compromiso del Presidente de M\u00e9xico para implementar el esquema de conectividad carretera en municipios guerrerenses<\/p>\n\n\n\n<p>\u201cEs un programa de justicia social para nuestras comunidades y pueblos originarios, ind\u00edgenas y afromexicanos\u201d, destaca<\/p>\n\n\n\n<p>Oaxaca de Ju\u00e1rez, Oaxaca., 30 de octubre de 2021.- Para conocer los modelos del Programa de Pavimentaci\u00f3n de Caminos a Cabeceras Municipales que se implementar\u00e1 en Guerrero, la gobernadora Evelyn Salgado Pineda, se reuni\u00f3 con el titular de la Secretar\u00eda de Infraestructura, Comunicaciones y Transportes (SICT) Jorge Arganis D\u00edaz y el gobernador de Oaxaca, Alejandro Murat Hinojosa.<\/p>\n\n\n\n<p>Este s\u00e1bado, la mandataria guerrerense se traslad\u00f3 a Oaxaca para dar seguimiento al compromiso hecho por el presidente Andr\u00e9s Manuel L\u00f3pez Obrador durante su gira por la regi\u00f3n de La Monta\u00f1a de Guerrero, de que el programa federal sea una realidad para las y los guerrerenses.<\/p>\n\n\n\n<p>En el Palacio de Gobierno de Oaxaca, la gobernadora de Guerrero agradeci\u00f3 el encuentro para conocer a detalle el impacto positivo del programa, del cual se\u00f1al\u00f3, \u201cno representa solamente uno o dos caminos m\u00e1s, sino la realizaci\u00f3n y materializaci\u00f3n de una demanda por progreso y desarrollo que tantos a\u00f1os le fue negada a nuestros pueblos\u201d.<\/p>\n\n\n\n<p>Salgado Pineda celebr\u00f3 los alcances del esquema colaborativo que, dijo, atiende una omisi\u00f3n hist\u00f3rica, administrando los recursos del pueblo, con el pueblo y para el pueblo, transformando vidas y llevando bienestar a donde m\u00e1s se necesita.<\/p>\n\n\n\n<p>En recorrido por los municipios de Santa In\u00e9s del Monte y San Miguel Peras, la gobernadora se congratul\u00f3 por la pr\u00f3xima implementaci\u00f3n del esquema colaborativo en municipios de La Monta\u00f1a de Guerrero.<\/p>\n\n\n\n<p>\u201cEsto tambi\u00e9n vamos a replicarlo en el estado de Guerrero; es un gran programa, es un programa de justicia social para nuestras comunidades y pueblos originarios, ind\u00edgenas y afromexicanos\u201d, destac\u00f3.<\/p>\n\n\n\n<p>Finalmente, Evelyn Salgado manifest\u00f3 su plena confianza para la llegada del programa federal a Guerrero, compromiso que estableci\u00f3 el presidente Andr\u00e9s Manuel L\u00f3pez Obrador, a quien llam\u00f3 aliado de la regi\u00f3n Sur Sureste del pa\u00eds.<\/p>\n\n\n\n<p>El Programa de Pavimentaci\u00f3n de Caminos a Cabeceras Municipales fortalece la comunicaci\u00f3n vial terrestre, se ejecuta con mano de obra local aprovechando materiales de la regi\u00f3n, lo que permite disponer de una fuente alternativa de empleo, que incide en arraigar a los pobladores en sus lugares de origen; adem\u00e1s, los recursos asignados al programa son ejercidos por las autoridades municipales.<\/p>\n\n\n\n<p>En su reciente visita a Guerrero, el presidente Andr\u00e9s Manuel L\u00f3pez Obrador anunci\u00f3 que el gobierno federal atender\u00e1 caminos de 21 municipios de la zona alta de la regi\u00f3n de La Monta\u00f1a, con inversi\u00f3n de 2 mil 100 millones de pesos, en forma similar a los caminos de concreto de Oaxaca.<\/p>\n\n\n\n<p>En la reuni\u00f3n y gira de trabajo en Oaxaca participaron, el subsecretario de Infraestructura de la SICT, Jorge Nu\u00f1o Lara; el titular del Instituto Nacional de los Pueblos Ind\u00edgenas (INPI) Adelfo Regino Montes; el director general de la subsecretar\u00eda de Infraestructura, H\u00e9ctor L\u00f3pez Leal; el director general del Centro SICT Guerrero, Ricardo Alarc\u00f3n Abarca; el director general del Centro SICT Oaxaca, Jos\u00e9 Luis Chida Pardo; la titular de la Secretar\u00eda de Desarrollo Urbano, Obras P\u00fablicas y Ordenamiento Territorial en Guerrero, Irene Jim\u00e9nez Montiel; de la Secretar\u00eda de Asuntos Ind\u00edgenas y Afromexicanos el subsecretario P\u00e1nfilo S\u00e1nchez Almaz\u00e1n; as\u00ed como autoridades locales e integrantes de los comit\u00e9s de pavimentaci\u00f3n de municipios de Oaxaca.<\/p>\n","protected":false},"excerpt":{"rendered":"<p>Llegar\u00e1 a Guerrero el Programa de Pavimentaci\u00f3n de Caminos a Cabeceras Municipales: Evelyn Salgado Pineda La gobernadora da seguimiento al compromiso del Presidente de M\u00e9xico para implementar el esquema de &hellip; <a href=\"https:\/\/unoticias.com.mx\/index.php\/2021\/10\/31\/llegara-a-guerrero-el-programa-de-pavimentacion-de-caminos-a-cabeceras-municipales-evelyn-salgado-pineda\/\" class=\"more-link\">Leer m\u00e1s<\/a><\/p>\n","protected":false},"author":1,"featured_media":11115,"comment_status":"open","ping_status":"open","sticky":false,"template":"","format":"standard","meta":{"spay_email":"","footnotes":"","jetpack_publicize_message":"","jetpack_is_tweetstorm":false,"jetpack_publicize_feature_enabled":true},"categories":[15],"tags":[],"class_list":["post-11114","post","type-post","status-publish","format-standard","has-post-thumbnail","hentry","category-local-news","entry"],"jetpack_featured_media_url":"https:\/\/unoticias.com.mx\/wp-content\/uploads\/2021\/10\/FB_IMG_1635644639679.jpg","jetpack_publicize_connections":[],"jetpack_sharing_enabled":true,"jetpack_likes_enabled":true,"_links":{"self":[{"href":"https:\/\/unoticias.com.mx\/index.php\/wp-json\/wp\/v2\/posts\/11114","targetHints":{"allow":["GET"]}}],"collection":[{"href":"https:\/\/unoticias.com.mx\/index.php\/wp-json\/wp\/v2\/posts"}],"about":[{"href":"https:\/\/unoticias.com.mx\/index.php\/wp-json\/wp\/v2\/types\/post"}],"author":[{"embeddable":true,"href":"https:\/\/unoticias.com.mx\/index.php\/wp-json\/wp\/v2\/users\/1"}],"replies":[{"embeddable":true,"href":"https:\/\/unoticias.com.mx\/index.php\/wp-json\/wp\/v2\/comments?post=11114"}],"version-history":[{"count":1,"href":"https:\/\/unoticias.com.mx\/index.php\/wp-json\/wp\/v2\/posts\/11114\/revisions"}],"predecessor-version":[{"id":11116,"href":"https:\/\/unoticias.com.mx\/index.php\/wp-json\/wp\/v2\/posts\/11114\/revisions\/11116"}],"wp:featuredmedia":[{"embeddable":true,"href":"https:\/\/unoticias.com.mx\/index.php\/wp-json\/wp\/v2\/media\/11115"}],"wp:attachment":[{"href":"https:\/\/unoticias.com.mx\/index.php\/wp-json\/wp\/v2\/media?parent=11114"}],"wp:term":[{"taxonomy":"category","embeddable":true,"href":"https:\/\/unoticias.com.mx\/index.php\/wp-json\/wp\/v2\/categories?post=11114"},{"taxonomy":"post_tag","embeddable":true,"href":"https:\/\/unoticias.com.mx\/index.php\/wp-json\/wp\/v2\/tags?post=11114"}],"curies":[{"name":"wp","href":"https:\/\/api.w.org\/{rel}","templated":true}]}}