{"id":11355,"date":"2021-11-25T04:05:52","date_gmt":"2021-11-25T04:05:52","guid":{"rendered":"https:\/\/unoticias.com.mx\/?p=11355"},"modified":"2021-11-25T04:05:52","modified_gmt":"2021-11-25T04:05:52","slug":"rehabilitacion-e-inclusion-para-el-bienestar-de-ninos-y-ninas-con-capacidades-recibiran-atencion-integral-evelyn-salgado-pineda","status":"publish","type":"post","link":"https:\/\/unoticias.com.mx\/index.php\/2021\/11\/25\/rehabilitacion-e-inclusion-para-el-bienestar-de-ninos-y-ninas-con-capacidades-recibiran-atencion-integral-evelyn-salgado-pineda\/","title":{"rendered":"Rehabilitaci\u00f3n e inclusi\u00f3n para el bienestar de ni\u00f1os y ni\u00f1as, con capacidades recibir\u00e1n atenci\u00f3n integral Evelyn Salgado Pineda."},"content":{"rendered":"\n<p>Rehabilitaci\u00f3n e inclusi\u00f3n para el bienestar de ni\u00f1os y ni\u00f1as, con capacidades recibir\u00e1n atenci\u00f3n integral Evelyn Salgado Pineda.<\/p>\n\n\n\n<p>Hoy vivimos un d\u00eda especial junto a las familias que se incorporan al Programa de Apoyo de Rehabilitaci\u00f3n e Inclusi\u00f3n para el Bienestar de Ni\u00f1as y Ni\u00f1os con Discapacidad, quienes recibir\u00e1n atenci\u00f3n integral con calidad y calidez en el Centro de Rehabilitaci\u00f3n Infantil Telet\u00f3n CRIT Guerrero.<\/p>\n\n\n\n<p>Agradezco a la subsecretaria de la Secretar\u00eda de Bienestar Ariadna Montiel Reyes, el apoyo que sigue llegando a nuestro estado y beneficia a nuestro pueblo. Esta alianza con fundaci\u00f3n Telet\u00f3n M\u00e9xico sin duda ayudar\u00e1 a transformar vidas.<\/p>\n\n\n\n<p>En #Guerrero el Gobierno de M\u00e9xico ha sembrado cari\u00f1o y se est\u00e1 cosechando amor. \u00a1Enhorabuena!<\/p>\n","protected":false},"excerpt":{"rendered":"<p>Rehabilitaci\u00f3n e inclusi\u00f3n para el bienestar de ni\u00f1os y ni\u00f1as, con capacidades recibir\u00e1n atenci\u00f3n integral Evelyn Salgado Pineda. Hoy vivimos un d\u00eda especial junto a las familias que se incorporan &hellip; <a href=\"https:\/\/unoticias.com.mx\/index.php\/2021\/11\/25\/rehabilitacion-e-inclusion-para-el-bienestar-de-ninos-y-ninas-con-capacidades-recibiran-atencion-integral-evelyn-salgado-pineda\/\" class=\"more-link\">Leer m\u00e1s<\/a><\/p>\n","protected":false},"author":1,"featured_media":11356,"comment_status":"open","ping_status":"open","sticky":false,"template":"","format":"standard","meta":{"spay_email":"","footnotes":"","jetpack_publicize_message":"","jetpack_is_tweetstorm":false,"jetpack_publicize_feature_enabled":true},"categories":[15],"tags":[],"class_list":["post-11355","post","type-post","status-publish","format-standard","has-post-thumbnail","hentry","category-local-news","entry"],"jetpack_featured_media_url":"https:\/\/unoticias.com.mx\/wp-content\/uploads\/2021\/11\/IMG_20211124_220456_114.jpg","jetpack_publicize_connections":[],"jetpack_sharing_enabled":true,"jetpack_likes_enabled":true,"_links":{"self":[{"href":"https:\/\/unoticias.com.mx\/index.php\/wp-json\/wp\/v2\/posts\/11355","targetHints":{"allow":["GET"]}}],"collection":[{"href":"https:\/\/unoticias.com.mx\/index.php\/wp-json\/wp\/v2\/posts"}],"about":[{"href":"https:\/\/unoticias.com.mx\/index.php\/wp-json\/wp\/v2\/types\/post"}],"author":[{"embeddable":true,"href":"https:\/\/unoticias.com.mx\/index.php\/wp-json\/wp\/v2\/users\/1"}],"replies":[{"embeddable":true,"href":"https:\/\/unoticias.com.mx\/index.php\/wp-json\/wp\/v2\/comments?post=11355"}],"version-history":[{"count":1,"href":"https:\/\/unoticias.com.mx\/index.php\/wp-json\/wp\/v2\/posts\/11355\/revisions"}],"predecessor-version":[{"id":11357,"href":"https:\/\/unoticias.com.mx\/index.php\/wp-json\/wp\/v2\/posts\/11355\/revisions\/11357"}],"wp:featuredmedia":[{"embeddable":true,"href":"https:\/\/unoticias.com.mx\/index.php\/wp-json\/wp\/v2\/media\/11356"}],"wp:attachment":[{"href":"https:\/\/unoticias.com.mx\/index.php\/wp-json\/wp\/v2\/media?parent=11355"}],"wp:term":[{"taxonomy":"category","embeddable":true,"href":"https:\/\/unoticias.com.mx\/index.php\/wp-json\/wp\/v2\/categories?post=11355"},{"taxonomy":"post_tag","embeddable":true,"href":"https:\/\/unoticias.com.mx\/index.php\/wp-json\/wp\/v2\/tags?post=11355"}],"curies":[{"name":"wp","href":"https:\/\/api.w.org\/{rel}","templated":true}]}}