{"id":11797,"date":"2022-01-21T04:01:23","date_gmt":"2022-01-21T04:01:23","guid":{"rendered":"https:\/\/unoticias.com.mx\/?p=11797"},"modified":"2022-01-21T04:01:23","modified_gmt":"2022-01-21T04:01:23","slug":"que-proximo-lider-del-pri-en-guerrero-sea-el-que-esta-mejor-posicionado-en-las-encuestas-mma","status":"publish","type":"post","link":"https:\/\/unoticias.com.mx\/index.php\/2022\/01\/21\/que-proximo-lider-del-pri-en-guerrero-sea-el-que-esta-mejor-posicionado-en-las-encuestas-mma\/","title":{"rendered":"QUE PR\u00d3XIMO L\u00cdDER DEL PRI EN GUERRERO, SEA EL QUE EST\u00c1 MEJOR POSICIONADO EN LAS ENCUESTAS: MMA."},"content":{"rendered":"\n<p>QUE PR\u00d3XIMO L\u00cdDER DEL PRI EN GUERRERO, SEA EL QUE EST\u00c1 MEJOR POSICIONADO EN LAS ENCUESTAS: MMA.<\/p>\n\n\n\n<p>Marcial Campuzano<\/p>\n\n\n\n<p>Tras manifestar abiertamente su deseo de dirigir al Partido Revolucionario Institucional en Guerrero, el ex candidato del PRI a la gubernatura Mario Moreno Arcos se pronunci\u00f3 porque el pr\u00f3ximo dirigente de ese instituto pol\u00edtico sea quien est\u00e9 mejor posicionado en encuestas o sondeos de opini\u00f3n para privilegiar la unidad, para que la designaci\u00f3n no sea producto de decisiones de unos cuantos.<\/p>\n\n\n\n<p>El tambi\u00e9n ex presidente municipal de Chilpancingo manifest\u00f3 su preocupaci\u00f3n, porque la capital del estado se est\u00e1 llenando de contagios de covid-19.<\/p>\n\n\n\n<p>En torno a la publicaci\u00f3n de la convocatoria para elegir al nuevo presidente del Comit\u00e9 Directivo Estatal del PRI, y al impulso que est\u00e1n dando los viejos actores pol\u00edticos de ese partido a Alejandro Bravo Abarca para apuntalarlo como el nuevo l\u00edder del tricolor en el estado, Mario Moreno aclar\u00f3 que hasta ahora no ha iniciado el proceso para renovar a la dirigencia estatal del tricolor.<\/p>\n\n\n\n<p>Inform\u00f3 que ha mantenido constante comunicaci\u00f3n con el dirigente nacional del PRI Alejandro Moreno C\u00e1rdenas, para conocer la ruta que se establecer\u00e1 en torno a la renovaci\u00f3n de la dirigencia pri\u00edsta en Guerrero.<\/p>\n\n\n\n<p>Dijo estar enterado que Alejandro Bravo Abarca, -quien fuera jefe de la oficina del ex gobernador H\u00e9ctor Astudillo-, se ha estado moviendo con un grupo. Y revel\u00f3 que hace unos d\u00edas dialog\u00f3 con Ricardo Taja, a quien no le observ\u00f3 mucho inter\u00e9s de participar en la contienda interna por la dirigencia del PRI en la entidad.<\/p>\n\n\n\n<p>Mario Moreno dio a conocer que le manifest\u00f3 su inter\u00e9s al l\u00edder nacional del PRI para dirigir al tricolor en el estado. \u201cLe manifest\u00e9 en un primer momento mi inter\u00e9s de trabajar para que en Guerrero tengamos un partido unido, fuerte, con rumbo, y que aperturemos al PRI para que en un determinado momento se decida qui\u00e9n ser\u00e1 su presidente\u201d.<\/p>\n\n\n\n<p>\u201cLe se\u00f1al\u00e9 a Alejandro Moreno mi inter\u00e9s de participar en la b\u00fasqueda de la dirigencia estatal del PRI, esto tambi\u00e9n lo he platicado con diferentes actores pol\u00edticos. Hoy veo que hay movimiento, se est\u00e1 trabajando, hay reuniones con presidentes municipales a efecto de impulsar una candidatura que no veo mal porque todos tenemos derecho\u201d, indic\u00f3.<\/p>\n\n\n\n<p>Mario Moreno se pronunci\u00f3 porque el Partido Revolucionario Institucional, consulte a las bases y realice encuestas para conocer el posicionamiento de quienes aspiran a dirigir al PRI en Guerrero, \u201cporque hoy m\u00e1s que nunca necesitamos aperturar al partido despu\u00e9s del proceso electoral que vivimos\u201d.<\/p>\n\n\n\n<p>Aclar\u00f3 que si bien perdi\u00f3 la elecci\u00f3n en los comicios del 6 de junio del a\u00f1o pasado, a \u00e9l como candidato y al PRI como partido no les fue nada mal, porque despu\u00e9s de haber arrancado con 35 puntos de diferencia se perdi\u00f3 por 4 puntos \u201cen circunstancias muy extra\u00f1as, porque hubo un manoseo muy malo y rudimentario por parte de quienes lo hicieron, pero con una estrategia bien definida de no soltar el gobierno de Guerrero\u201d, dijo esto \u00faltimo a modo de denuncia.<\/p>\n\n\n\n<p>El ex alcalde de Chilpancingo se pronunci\u00f3 por darle fortaleza al PRI de Guerrero. \u201cTuvimos un excelente resultado con el apoyo solidario del Partido de la Revoluci\u00f3n Democr\u00e1tica, pero no hay que perder de vista que muchos votos que se obtuvieron en el pasado proceso electoral del 6 de junio fueron de la sociedad civil, y esa es la gente que necesitamos incorporar al Partido Revolucionario Institucional porque vienen contiendas electorales en el 2024 y necesitamos salir fortalecidos\u201d.<\/p>\n\n\n\n<p>Mario Moreno hizo un llamado a los consensos, y que los pri\u00edstas busquen y privilegien la unidad. Aclar\u00f3 que no se pelar\u00e1 con nadie, pero que es necesario que todos sean tomados en cuenta, y se pronunci\u00f3 en contra de que las decisiones de unos cuantos sean las que determinen qui\u00e9n ser\u00e1 el dirigente del PRI en el estado.<\/p>\n\n\n\n<p>El ex candidato a gobernador del estado dijo que despu\u00e9s del pasado proceso electoral, es importante darles a las bases la oportunidad de participar en la elecci\u00f3n de la nueva dirigencia estatal pri\u00edsta.<\/p>\n\n\n\n<p>El ex alcalde de Chilpancingo manifest\u00f3 su confianza de que lograr\u00e1 los acuerdos y los consensos para ser el pr\u00f3ximo dirigente del PRI en el estado, \u201cde eso estoy plenamente convencido\u201d, y rechaz\u00f3 que abandonar\u00e1 las filas del tricolor si situaci\u00f3n es adversa.<\/p>\n\n\n\n<p>\u201cMe interesa construir un partido fuerte en el que he militado por muchos a\u00f1os que ha tenido altas y bajas, pero estoy convencido de que lo podemos fortalecer con un proceso de reconstrucci\u00f3n muy cercano a las bases\u201d, indic\u00f3.<\/p>\n\n\n\n<p>Asimismo, se\u00f1al\u00f3 que el PRI necesita ser una oposici\u00f3n real en Guerrero no acompa\u00f1ante de nadie; \u201cque se reconozca cuando las cosas se hagan bien pero tambi\u00e9n se\u00f1alar los errores que se cometan\u201d.<\/p>\n\n\n\n<p>Inform\u00f3 que en los pr\u00f3ximos d\u00edas har\u00e1 p\u00fablica sus posturas en torno a la renovaci\u00f3n de la dirigencia estatal del PRI, y que por lo pronto se reunir\u00e1 con grupos \u201ca efecto de que logremos la unidad y la fortaleza del Partido Revolucionario Institucional\u201d.<\/p>\n","protected":false},"excerpt":{"rendered":"<p>QUE PR\u00d3XIMO L\u00cdDER DEL PRI EN GUERRERO, SEA EL QUE EST\u00c1 MEJOR POSICIONADO EN LAS ENCUESTAS: MMA. Marcial Campuzano Tras manifestar abiertamente su deseo de dirigir al Partido Revolucionario Institucional &hellip; <a href=\"https:\/\/unoticias.com.mx\/index.php\/2022\/01\/21\/que-proximo-lider-del-pri-en-guerrero-sea-el-que-esta-mejor-posicionado-en-las-encuestas-mma\/\" class=\"more-link\">Leer m\u00e1s<\/a><\/p>\n","protected":false},"author":1,"featured_media":11798,"comment_status":"open","ping_status":"open","sticky":false,"template":"","format":"standard","meta":{"spay_email":"","footnotes":"","jetpack_publicize_message":"","jetpack_is_tweetstorm":false,"jetpack_publicize_feature_enabled":true},"categories":[15],"tags":[],"class_list":["post-11797","post","type-post","status-publish","format-standard","has-post-thumbnail","hentry","category-local-news","entry"],"jetpack_featured_media_url":"https:\/\/unoticias.com.mx\/wp-content\/uploads\/2022\/01\/FB_IMG_1642737555066.jpg","jetpack_publicize_connections":[],"jetpack_sharing_enabled":true,"jetpack_likes_enabled":true,"_links":{"self":[{"href":"https:\/\/unoticias.com.mx\/index.php\/wp-json\/wp\/v2\/posts\/11797","targetHints":{"allow":["GET"]}}],"collection":[{"href":"https:\/\/unoticias.com.mx\/index.php\/wp-json\/wp\/v2\/posts"}],"about":[{"href":"https:\/\/unoticias.com.mx\/index.php\/wp-json\/wp\/v2\/types\/post"}],"author":[{"embeddable":true,"href":"https:\/\/unoticias.com.mx\/index.php\/wp-json\/wp\/v2\/users\/1"}],"replies":[{"embeddable":true,"href":"https:\/\/unoticias.com.mx\/index.php\/wp-json\/wp\/v2\/comments?post=11797"}],"version-history":[{"count":1,"href":"https:\/\/unoticias.com.mx\/index.php\/wp-json\/wp\/v2\/posts\/11797\/revisions"}],"predecessor-version":[{"id":11799,"href":"https:\/\/unoticias.com.mx\/index.php\/wp-json\/wp\/v2\/posts\/11797\/revisions\/11799"}],"wp:featuredmedia":[{"embeddable":true,"href":"https:\/\/unoticias.com.mx\/index.php\/wp-json\/wp\/v2\/media\/11798"}],"wp:attachment":[{"href":"https:\/\/unoticias.com.mx\/index.php\/wp-json\/wp\/v2\/media?parent=11797"}],"wp:term":[{"taxonomy":"category","embeddable":true,"href":"https:\/\/unoticias.com.mx\/index.php\/wp-json\/wp\/v2\/categories?post=11797"},{"taxonomy":"post_tag","embeddable":true,"href":"https:\/\/unoticias.com.mx\/index.php\/wp-json\/wp\/v2\/tags?post=11797"}],"curies":[{"name":"wp","href":"https:\/\/api.w.org\/{rel}","templated":true}]}}