{"id":11812,"date":"2022-01-23T22:09:17","date_gmt":"2022-01-23T22:09:17","guid":{"rendered":"https:\/\/unoticias.com.mx\/?p=11812"},"modified":"2022-01-23T22:09:17","modified_gmt":"2022-01-23T22:09:17","slug":"sicarios-y-profepa-destruyen-y-saquean-bosques-en-la-sierra-de-guerrero-piden-la-intervencion-de-amlo","status":"publish","type":"post","link":"https:\/\/unoticias.com.mx\/index.php\/2022\/01\/23\/sicarios-y-profepa-destruyen-y-saquean-bosques-en-la-sierra-de-guerrero-piden-la-intervencion-de-amlo\/","title":{"rendered":"Sicarios y Profepa destruyen y saquean bosques en la sierra de Guerrero, piden la intervenci\u00f3n de AMLO."},"content":{"rendered":"\n<p>Sicarios y Profepa destruyen y saquean bosques en la sierra de Guerrero, piden la intervenci\u00f3n de AMLO.<\/p>\n\n\n\n<p>Escribe:Bernardo Torres Morales<\/p>\n\n\n\n<p>Chilpancingo, Gro. Autoridades del Ejido de Guajes de Ayala, Municipio de #CoyucadeCatal\u00e1n denunciaron y exigen la intervenci\u00f3n del presidente de la Rep\u00fablica #Andr\u00e9sManuelL\u00f3pezObrador y de la gobernadora #EvelynSalgadoPineda ya que persiste la complicidad de la Procuradora Federal de Protecci\u00f3n al Medio Ambiente (#Profepa) con el grupo de sicarios asesinos talamontes, que ha saqueado los recursos naturales y dejado una estela de violencia en las comunidades.<br>En un nuevo llamado a las autoridades, el Ejido indic\u00f3 que a dos a\u00f1os de denuncias la #Profepa y la #Semarnat y al alcalde de #CoyucaDeCatalan #EusebioEcheverriaTabares han minimizado los hechos que se han repetido durante el 2020 y 2021, permitiendo el saqueo de madera de manera irregular y sin la supervisi\u00f3n de las instancias correspondientes.<br>La primera denuncia, recordaron se hizo el 31 de marzo del 2020 a la Profepa, fue recibida por V\u00edctor Manuel Garc\u00eda Guerra, subdelegado jur\u00eddico, fue atendida, y nadie acudi\u00f3 para contabilizar y verificar los da\u00f1os, as\u00ed como la madera derribada que a\u00fan permanece en el ejido.<br>La denuncia, se\u00f1al\u00f3 la Mesa Ejidal estuvo seguida de una ola de violencia que los talasoterapia vinculados a un grupo de la delincuencia organizada generaron en las comunidades, trayendo como consecuencia desapariciones y desplazamiento forzado de m\u00e1s de mil familias.<br>Ante tal omisi\u00f3n, el ejido hace responsable a la Profepa y Semarnat tanto de los da\u00f1os ambientales como de las consecuencias que ha dejado en materia de violencia, a la vez que exhibe su complicidad con los grupos de la delincuencia organizada.<br>Se\u00f1alaron directamente a Omar Magallanes Telumbre, encargado de despacho de la Profepa en #Guerrero de favorecer a grupos delincuenciales que durante a\u00f1os se han dedicado al tr\u00e1fico de madera en la Regi\u00f3n de la #CostaGrande.<br>Otro caso donde Omar Magallanes ha tenido responsabilidad, se\u00f1alaron, es en #JaleacadeCatal\u00e1n, donde por defender el bosque en febrero de 2021 fueron retenidos funcionarios federales en exigencia de la cancelaci\u00f3n de un permiso para talar madera.<br>Este conflicto cobr\u00f3 el 21 de mayo de ese mismo a\u00f1o la vida del activista Mario Antonio Arcos Fuentes, en represalia por oponerse al saqueo de los recursos naturales.<br>El 03 de abril ya tambi\u00e9n hab\u00eda sido asesinado el comisario de Las Conchitas en el Ejido de Ci\u00e9nega de Puerto Alegre, Municipio de #SanMiguelTotolapan, quien tambi\u00e9n se opon\u00eda a la tala ilegal.<br>Este personaje, tambi\u00e9n fue se\u00f1alado en una asamblea de ejidatarios del Carrizal en la Sierra de Coyuca de Catal\u00e1n, de otorgar permisos de manera irregular, as\u00ed como permisos para el traslado de productos maderables sin que ninguna autoridad tome cartas en el asunto. #UltimasNoticiasdeGuerrero www.unoticias.com.mx @Ultimas<\/p>\n","protected":false},"excerpt":{"rendered":"<p>Sicarios y Profepa destruyen y saquean bosques en la sierra de Guerrero, piden la intervenci\u00f3n de AMLO. Escribe:Bernardo Torres Morales Chilpancingo, Gro. Autoridades del Ejido de Guajes de Ayala, Municipio &hellip; <a href=\"https:\/\/unoticias.com.mx\/index.php\/2022\/01\/23\/sicarios-y-profepa-destruyen-y-saquean-bosques-en-la-sierra-de-guerrero-piden-la-intervencion-de-amlo\/\" class=\"more-link\">Leer m\u00e1s<\/a><\/p>\n","protected":false},"author":1,"featured_media":11813,"comment_status":"open","ping_status":"open","sticky":false,"template":"","format":"standard","meta":{"spay_email":"","footnotes":"","jetpack_publicize_message":"","jetpack_is_tweetstorm":false,"jetpack_publicize_feature_enabled":true},"categories":[15],"tags":[],"class_list":["post-11812","post","type-post","status-publish","format-standard","has-post-thumbnail","hentry","category-local-news","entry"],"jetpack_featured_media_url":"https:\/\/unoticias.com.mx\/wp-content\/uploads\/2022\/01\/LogoLicious_20220123_154138.jpg","jetpack_publicize_connections":[],"jetpack_sharing_enabled":true,"jetpack_likes_enabled":true,"_links":{"self":[{"href":"https:\/\/unoticias.com.mx\/index.php\/wp-json\/wp\/v2\/posts\/11812","targetHints":{"allow":["GET"]}}],"collection":[{"href":"https:\/\/unoticias.com.mx\/index.php\/wp-json\/wp\/v2\/posts"}],"about":[{"href":"https:\/\/unoticias.com.mx\/index.php\/wp-json\/wp\/v2\/types\/post"}],"author":[{"embeddable":true,"href":"https:\/\/unoticias.com.mx\/index.php\/wp-json\/wp\/v2\/users\/1"}],"replies":[{"embeddable":true,"href":"https:\/\/unoticias.com.mx\/index.php\/wp-json\/wp\/v2\/comments?post=11812"}],"version-history":[{"count":1,"href":"https:\/\/unoticias.com.mx\/index.php\/wp-json\/wp\/v2\/posts\/11812\/revisions"}],"predecessor-version":[{"id":11814,"href":"https:\/\/unoticias.com.mx\/index.php\/wp-json\/wp\/v2\/posts\/11812\/revisions\/11814"}],"wp:featuredmedia":[{"embeddable":true,"href":"https:\/\/unoticias.com.mx\/index.php\/wp-json\/wp\/v2\/media\/11813"}],"wp:attachment":[{"href":"https:\/\/unoticias.com.mx\/index.php\/wp-json\/wp\/v2\/media?parent=11812"}],"wp:term":[{"taxonomy":"category","embeddable":true,"href":"https:\/\/unoticias.com.mx\/index.php\/wp-json\/wp\/v2\/categories?post=11812"},{"taxonomy":"post_tag","embeddable":true,"href":"https:\/\/unoticias.com.mx\/index.php\/wp-json\/wp\/v2\/tags?post=11812"}],"curies":[{"name":"wp","href":"https:\/\/api.w.org\/{rel}","templated":true}]}}