{"id":11994,"date":"2022-02-23T00:41:26","date_gmt":"2022-02-23T00:41:26","guid":{"rendered":"https:\/\/unoticias.com.mx\/?p=11994"},"modified":"2022-04-29T03:47:24","modified_gmt":"2022-04-29T03:47:24","slug":"convoca-evelyn-salgado-a-trabajar-para-evitar-la-migracion-de-guerrerenses-por-necesidad","status":"publish","type":"post","link":"https:\/\/unoticias.com.mx\/index.php\/2022\/02\/23\/convoca-evelyn-salgado-a-trabajar-para-evitar-la-migracion-de-guerrerenses-por-necesidad\/","title":{"rendered":"Convoca Evelyn Salgado a trabajar para evitar la migraci\u00f3n de guerrerenses por necesidad"},"content":{"rendered":"\r\n<p>Escribe: Salvia Ram\u00edrez Morales\u00a0<\/p>\r\n<p>Convoca Evelyn Salgado a trabajar para evitar la migraci\u00f3n de guerrerenses por necesidad<\/p>\r\n\r\n\r\n\r\n<p>*Instalan el Consejo Consultivo del Migrante para instrumentar pol\u00edticas p\u00fablicas eficientes e interinstitucionales<\/p>\r\n\r\n\r\n\r\n<p>Chilpancingo, Gro., 22 de febrero de 2022.- La gobernadora Evelyn Salgado Pineda llam\u00f3 a los funcionarios de su gabinete a trabajar para crear las condiciones para que los guerrerenses no salgan de sus lugares de origen ante la falta de oportunidades.<\/p>\r\n\r\n\r\n\r\n<p>Lo anterior al instalar el Consejo Consultivo del Migrante, que preside el secretario general de Gobierno Ludwig Marcial Reynoso Nu\u00f1ez quien dio cuenta del qu\u00f3rum legal necesario para la toma de protesta a los integrantes por parte de la mandataria.<\/p>\r\n\r\n\r\n\r\n<p>En su mensaje Salgado Pineda mencion\u00f3 que de los migrantes que han salido de Guerrero, un diez por ciento lo hizo para buscar mejores condiciones de vida y el resto para reunirse con familiares y otros por cuestiones laborales, dijo que se debe trabajar como gobierno para evitar la migraci\u00f3n por que no tienen otra opci\u00f3n y garantizar la seguridad de los que migran por trabajo.<\/p>\r\n\r\n\r\n\r\n<p>Mencion\u00f3 que el a\u00f1o pasado, Guerrero recibi\u00f3 remesas hasta por dos mil millones de d\u00f3lares, precis\u00f3 que es uno de los montos m\u00e1s altos a nivel nacional, pero que tambi\u00e9n se tuvieron cientos de repatriaciones de personas que intentaron migrar a Estados Unidos sin \u00e9xito.<\/p>\r\n\r\n\r\n\r\n<p>Sobre el tema la secretaria del Migrante y Relaciones Internacionales, Celeste Mora Eguiluz, dijo que se trabaja en trece estrategias y siete l\u00edneas de acci\u00f3n para atender el fen\u00f3meno migratorio y trabajar con los guerrerenses radicados en el extranjero y que aportan para la realizaci\u00f3n de obras en sus comunidades de origen.<\/p>\r\n\r\n\r\n\r\n<p>Mora Eguiluz, indic\u00f3 que ha propuesto que al interior del Consejo, se instalen cuatro comit\u00e9s de trabajo de car\u00e1cter permanente, con el fin de atender los asuntos de que les competen; los grupos ser\u00edan el Comit\u00e9 de Atenci\u00f3n al Migrante Internacional, de Atenci\u00f3n al Migrante Nacional, de Protecci\u00f3n al Migrante y de Vinculaci\u00f3n Internacional.<\/p>\r\n\r\n\r\n\r\n<p>Al evento asistieron el representante de la Secretar\u00eda de Relaciones Exteriores en Guerrero, Carlos Eyksman \u00c1vila S\u00e1nchez, el delegado del Instituto Nacional de Migraci\u00f3n, Pedro Alberto Alcal\u00e1 L\u00f3pez, la titular de la Secretar\u00eda de Salud, Aid\u00e9 Ibarez Castro; la presidenta del DIF Guerrero, Liz Salgado Pineda; el secretario del Trabajo y Previsi\u00f3n Social, Luis Armando Ba\u00f1os Rend\u00f3n; legisladores del Congreso local, representantes de la Secretaria de Seguridad P\u00fablica y los alcaldes de Ometepec, Tixtla e Ixcateopan de Cuauht\u00e9moc, as\u00ed como los representantes de la Confederaci\u00f3n de Migrantes y del Club de Guerrerenses en el extranjero.<\/p>\r\n","protected":false},"excerpt":{"rendered":"<p>Escribe: Salvia Ram\u00edrez Morales\u00a0 Convoca Evelyn Salgado a trabajar para evitar la migraci\u00f3n de guerrerenses por necesidad *Instalan el Consejo Consultivo del Migrante para instrumentar pol\u00edticas p\u00fablicas eficientes e interinstitucionales &hellip; <a href=\"https:\/\/unoticias.com.mx\/index.php\/2022\/02\/23\/convoca-evelyn-salgado-a-trabajar-para-evitar-la-migracion-de-guerrerenses-por-necesidad\/\" class=\"more-link\">Leer m\u00e1s<\/a><\/p>\n","protected":false},"author":1,"featured_media":11995,"comment_status":"open","ping_status":"open","sticky":false,"template":"","format":"standard","meta":{"spay_email":"","footnotes":"","jetpack_publicize_message":"","jetpack_is_tweetstorm":false,"jetpack_publicize_feature_enabled":true},"categories":[15],"tags":[],"class_list":["post-11994","post","type-post","status-publish","format-standard","has-post-thumbnail","hentry","category-local-news","entry"],"jetpack_featured_media_url":"https:\/\/unoticias.com.mx\/wp-content\/uploads\/2022\/02\/IMG-20220222-WA0126.jpg","jetpack_publicize_connections":[],"jetpack_sharing_enabled":true,"jetpack_likes_enabled":true,"_links":{"self":[{"href":"https:\/\/unoticias.com.mx\/index.php\/wp-json\/wp\/v2\/posts\/11994","targetHints":{"allow":["GET"]}}],"collection":[{"href":"https:\/\/unoticias.com.mx\/index.php\/wp-json\/wp\/v2\/posts"}],"about":[{"href":"https:\/\/unoticias.com.mx\/index.php\/wp-json\/wp\/v2\/types\/post"}],"author":[{"embeddable":true,"href":"https:\/\/unoticias.com.mx\/index.php\/wp-json\/wp\/v2\/users\/1"}],"replies":[{"embeddable":true,"href":"https:\/\/unoticias.com.mx\/index.php\/wp-json\/wp\/v2\/comments?post=11994"}],"version-history":[{"count":2,"href":"https:\/\/unoticias.com.mx\/index.php\/wp-json\/wp\/v2\/posts\/11994\/revisions"}],"predecessor-version":[{"id":12883,"href":"https:\/\/unoticias.com.mx\/index.php\/wp-json\/wp\/v2\/posts\/11994\/revisions\/12883"}],"wp:featuredmedia":[{"embeddable":true,"href":"https:\/\/unoticias.com.mx\/index.php\/wp-json\/wp\/v2\/media\/11995"}],"wp:attachment":[{"href":"https:\/\/unoticias.com.mx\/index.php\/wp-json\/wp\/v2\/media?parent=11994"}],"wp:term":[{"taxonomy":"category","embeddable":true,"href":"https:\/\/unoticias.com.mx\/index.php\/wp-json\/wp\/v2\/categories?post=11994"},{"taxonomy":"post_tag","embeddable":true,"href":"https:\/\/unoticias.com.mx\/index.php\/wp-json\/wp\/v2\/tags?post=11994"}],"curies":[{"name":"wp","href":"https:\/\/api.w.org\/{rel}","templated":true}]}}