{"id":12020,"date":"2022-02-25T14:29:30","date_gmt":"2022-02-25T14:29:30","guid":{"rendered":"https:\/\/unoticias.com.mx\/?p=12020"},"modified":"2022-04-29T03:47:19","modified_gmt":"2022-04-29T03:47:19","slug":"firma-de-contratos-pago-de-salarios-y-compensaciones-exigen-550-trabajadores-de-salud","status":"publish","type":"post","link":"https:\/\/unoticias.com.mx\/index.php\/2022\/02\/25\/firma-de-contratos-pago-de-salarios-y-compensaciones-exigen-550-trabajadores-de-salud\/","title":{"rendered":"Firma de contratos, pago de salarios y compensaciones, exigen 550 trabajadores de salud."},"content":{"rendered":"\r\n<p>Escribe: Salvia Ram\u00edrez Morales\u00a0<\/p>\r\n<p>Firma de contratos, pago de salarios y compensaciones, exigen 550 trabajadores de salud.<\/p>\r\n\r\n\r\n\r\n<p>Escribe; Marcial Campuzano<\/p>\r\n\r\n\r\n\r\n<p>M\u00e1s de 550 trabajadores de la Secretar\u00eda de Salud del estado que est\u00e1n adscritos en el programa E023 que opera en zonas marginadas, que est\u00e1 dirigido para atender a personas con enfermedades cr\u00f3nicas, demandaron hoy ser recontratados y ya no ser v\u00edctimas de enga\u00f1os respecto a su situaci\u00f3n laboral.<\/p>\r\n\r\n\r\n\r\n<p>En la protesta participaron m\u00e9dicos, enfermeras, nutri\u00f3logos y psic\u00f3logos que desde la primera quincena de enero quedaron fuera de la n\u00f3mina, luego de que con enga\u00f1os les aseguraron que ser\u00edan recontratados en febrero y que a partir de esa fecha depender\u00edan directamente del Instituto de Salud para el Bienestar (Insabi).<\/p>\r\n\r\n\r\n\r\n<p>Los trabajadores de la salud realizaron una marcha por calles de la ciudad, que concluy\u00f3 en el acceso principal de las oficinas centrales de la Secretar\u00eda de Salud que se ubican muy cerca de la residencia oficial Casa Guerrero, en donde demandaron una reuni\u00f3n con la secretaria de Salud Aid\u00e9 Ibarez Castro para resolver en definitiva su situaci\u00f3n laboral.<\/p>\r\n\r\n\r\n\r\n<p>Los trabajadores que est\u00e1n adscritos en el Programa Presupuestario \u201cAtenci\u00f3n a la Salud\u201d E023, est\u00e1n adscritos en las zonas de municipios de alta marginaci\u00f3n. Su funci\u00f3n principal es fortalecer la detecci\u00f3n de enfermedades cr\u00f3nicas en el primer nivel de atenci\u00f3n, con la realizaci\u00f3n de tamizajes para el diagn\u00f3stico de diabetes mellitus a la poblaci\u00f3n de 20 a\u00f1os y m\u00e1s que no tiene seguridad social.<\/p>\r\n\r\n\r\n\r\n<p>Pidieron todo el apoyo al gobierno del estado para que haya para ellos justicia laboral para tener certeza en el empleo.<\/p>\r\n\r\n\r\n\r\n<p>Dieron a conocer que han dado muchos a\u00f1os de su vida atendiendo pacientes en las zonas marginadas del estado, por lo que no es justo que cada determinado periodo, sean sometidos a la firma de contratos para que mantengan sus fuentes de trabajo.<\/p>\r\n\r\n\r\n\r\n<p>Denunciaron que en diciembre del a\u00f1o pasado les dijeron que los contratos continuar\u00edan y que siguieran trabajando de manera normal a partir del primero de enero.<\/p>\r\n\r\n\r\n\r\n<p>\u201cAs\u00ed lo hicimos y el 6 de enero nos dieron un oficio en el que nos dicen que ya no nos presentemos a nuestros centros de trabajo, y que no ser\u00edan pagados los d\u00edas trabajados, pero como buena noticia nos indicaron que el Instituto de Salud para el Bienestar absorber\u00eda el programa a partir del 1 de febrero de 2022, lo cual cre\u00edmos de buena fe y a la fecha no hemos firmado contrato, y como consecuencia no nos han pagado\u201d, indicaron.<\/p>\r\n\r\n\r\n\r\n<p>Denunciaron que la nueva responsable del programa \u201ctrae compromisos pol\u00edticos, y por ello nos quieren cambiar de adscripci\u00f3n lo cual no aceptamos porque esto ya lo vivimos hace 3 a\u00f1os con el programa Prospera\u201d.<\/p>\r\n\r\n\r\n\r\n<p>\u201cEn 12 a\u00f1os que llevamos laborando, nunca hab\u00edamos visto que el gobierno no nos regresara la compensaci\u00f3n del Impuesto Sobre Remuneraciones (ISR) que se aplica al aguinaldo, que es una gratificaci\u00f3n que se otorga a quienes est\u00e1n adscritos en el programa E023, que es otro pendiente que la Secretar\u00eda de Salud tiene con nosotros\u201d, indicaron.<\/p>\r\n","protected":false},"excerpt":{"rendered":"<p>Escribe: Salvia Ram\u00edrez Morales\u00a0 Firma de contratos, pago de salarios y compensaciones, exigen 550 trabajadores de salud. Escribe; Marcial Campuzano M\u00e1s de 550 trabajadores de la Secretar\u00eda de Salud del &hellip; <a href=\"https:\/\/unoticias.com.mx\/index.php\/2022\/02\/25\/firma-de-contratos-pago-de-salarios-y-compensaciones-exigen-550-trabajadores-de-salud\/\" class=\"more-link\">Leer m\u00e1s<\/a><\/p>\n","protected":false},"author":1,"featured_media":12021,"comment_status":"open","ping_status":"open","sticky":false,"template":"","format":"standard","meta":{"spay_email":"","footnotes":"","jetpack_publicize_message":"","jetpack_is_tweetstorm":false,"jetpack_publicize_feature_enabled":true},"categories":[15],"tags":[],"class_list":["post-12020","post","type-post","status-publish","format-standard","has-post-thumbnail","hentry","category-local-news","entry"],"jetpack_featured_media_url":"https:\/\/unoticias.com.mx\/wp-content\/uploads\/2022\/02\/FB_IMG_1645798980229.jpg","jetpack_publicize_connections":[],"jetpack_sharing_enabled":true,"jetpack_likes_enabled":true,"_links":{"self":[{"href":"https:\/\/unoticias.com.mx\/index.php\/wp-json\/wp\/v2\/posts\/12020","targetHints":{"allow":["GET"]}}],"collection":[{"href":"https:\/\/unoticias.com.mx\/index.php\/wp-json\/wp\/v2\/posts"}],"about":[{"href":"https:\/\/unoticias.com.mx\/index.php\/wp-json\/wp\/v2\/types\/post"}],"author":[{"embeddable":true,"href":"https:\/\/unoticias.com.mx\/index.php\/wp-json\/wp\/v2\/users\/1"}],"replies":[{"embeddable":true,"href":"https:\/\/unoticias.com.mx\/index.php\/wp-json\/wp\/v2\/comments?post=12020"}],"version-history":[{"count":2,"href":"https:\/\/unoticias.com.mx\/index.php\/wp-json\/wp\/v2\/posts\/12020\/revisions"}],"predecessor-version":[{"id":12882,"href":"https:\/\/unoticias.com.mx\/index.php\/wp-json\/wp\/v2\/posts\/12020\/revisions\/12882"}],"wp:featuredmedia":[{"embeddable":true,"href":"https:\/\/unoticias.com.mx\/index.php\/wp-json\/wp\/v2\/media\/12021"}],"wp:attachment":[{"href":"https:\/\/unoticias.com.mx\/index.php\/wp-json\/wp\/v2\/media?parent=12020"}],"wp:term":[{"taxonomy":"category","embeddable":true,"href":"https:\/\/unoticias.com.mx\/index.php\/wp-json\/wp\/v2\/categories?post=12020"},{"taxonomy":"post_tag","embeddable":true,"href":"https:\/\/unoticias.com.mx\/index.php\/wp-json\/wp\/v2\/tags?post=12020"}],"curies":[{"name":"wp","href":"https:\/\/api.w.org\/{rel}","templated":true}]}}