{"id":12060,"date":"2022-02-28T19:45:33","date_gmt":"2022-02-28T19:45:33","guid":{"rendered":"https:\/\/unoticias.com.mx\/?p=12060"},"modified":"2022-02-28T19:45:33","modified_gmt":"2022-02-28T19:45:33","slug":"ayuntamiento-de-chilpancingo-concursara-por-recursos-para-fortalecer-infraestructura-cultural","status":"publish","type":"post","link":"https:\/\/unoticias.com.mx\/index.php\/2022\/02\/28\/ayuntamiento-de-chilpancingo-concursara-por-recursos-para-fortalecer-infraestructura-cultural\/","title":{"rendered":"Ayuntamiento de Chilpancingo concursar\u00e1 por recursos para fortalecer infraestructura cultural"},"content":{"rendered":"\n<p>Ayuntamiento de Chilpancingo concursar\u00e1 por recursos para fortalecer infraestructura cultural<\/p>\n\n\n\n<p>Chilpancingo, Gro., a 28 de febrero de 2022.- El cabildo plural de Chilpancingo que encabeza la alcaldesa Norma Otilia Hern\u00e1ndez Mart\u00ednez aprob\u00f3 un acuerdo para participar en&nbsp; la convocatoria del Programa de Apoyo a la Infraestructura Cultural de los Estados (PAICE 2022).<\/p>\n\n\n\n<p>Lo anterior con la finalidad de brindar mayor fortalecimiento a la infraestructura cultural y as\u00ed disminuir la desigualdad existente en el desarrollo cultural.<\/p>\n\n\n\n<p>Durante la s\u00e9ptima Sesi\u00f3n Ordinaria, el cuerpo edilicio aprob\u00f3 el acuerdo para participar en esta convocatoria, la cual consiste en apoyar para financiar proyectos culturales de construcci\u00f3n y equipamiento de inmuebles dedicados al quehacer cultural.<\/p>\n\n\n\n<p>De esta manera se proyecta consolidar el Centro Cultural Literario que estar\u00eda ubicado a un costado del fraccionamiento Jardines de Zinnia, a fin de generar un espacio espec\u00edfico y de proyecci\u00f3n literario, l\u00fadico y de artes esc\u00e9nicas para lograr el desarrollo educativo y cultural de la localidad.<\/p>\n","protected":false},"excerpt":{"rendered":"<p>Ayuntamiento de Chilpancingo concursar\u00e1 por recursos para fortalecer infraestructura cultural Chilpancingo, Gro., a 28 de febrero de 2022.- El cabildo plural de Chilpancingo que encabeza la alcaldesa Norma Otilia Hern\u00e1ndez &hellip; <a href=\"https:\/\/unoticias.com.mx\/index.php\/2022\/02\/28\/ayuntamiento-de-chilpancingo-concursara-por-recursos-para-fortalecer-infraestructura-cultural\/\" class=\"more-link\">Leer m\u00e1s<\/a><\/p>\n","protected":false},"author":1,"featured_media":12061,"comment_status":"open","ping_status":"open","sticky":false,"template":"","format":"standard","meta":{"spay_email":"","footnotes":"","jetpack_publicize_message":"","jetpack_is_tweetstorm":false,"jetpack_publicize_feature_enabled":true},"categories":[15],"tags":[],"class_list":["post-12060","post","type-post","status-publish","format-standard","has-post-thumbnail","hentry","category-local-news","entry"],"jetpack_featured_media_url":"https:\/\/unoticias.com.mx\/wp-content\/uploads\/2022\/02\/IMG-20220228-WA0180.jpg","jetpack_publicize_connections":[],"jetpack_sharing_enabled":true,"jetpack_likes_enabled":true,"_links":{"self":[{"href":"https:\/\/unoticias.com.mx\/index.php\/wp-json\/wp\/v2\/posts\/12060","targetHints":{"allow":["GET"]}}],"collection":[{"href":"https:\/\/unoticias.com.mx\/index.php\/wp-json\/wp\/v2\/posts"}],"about":[{"href":"https:\/\/unoticias.com.mx\/index.php\/wp-json\/wp\/v2\/types\/post"}],"author":[{"embeddable":true,"href":"https:\/\/unoticias.com.mx\/index.php\/wp-json\/wp\/v2\/users\/1"}],"replies":[{"embeddable":true,"href":"https:\/\/unoticias.com.mx\/index.php\/wp-json\/wp\/v2\/comments?post=12060"}],"version-history":[{"count":1,"href":"https:\/\/unoticias.com.mx\/index.php\/wp-json\/wp\/v2\/posts\/12060\/revisions"}],"predecessor-version":[{"id":12062,"href":"https:\/\/unoticias.com.mx\/index.php\/wp-json\/wp\/v2\/posts\/12060\/revisions\/12062"}],"wp:featuredmedia":[{"embeddable":true,"href":"https:\/\/unoticias.com.mx\/index.php\/wp-json\/wp\/v2\/media\/12061"}],"wp:attachment":[{"href":"https:\/\/unoticias.com.mx\/index.php\/wp-json\/wp\/v2\/media?parent=12060"}],"wp:term":[{"taxonomy":"category","embeddable":true,"href":"https:\/\/unoticias.com.mx\/index.php\/wp-json\/wp\/v2\/categories?post=12060"},{"taxonomy":"post_tag","embeddable":true,"href":"https:\/\/unoticias.com.mx\/index.php\/wp-json\/wp\/v2\/tags?post=12060"}],"curies":[{"name":"wp","href":"https:\/\/api.w.org\/{rel}","templated":true}]}}