{"id":12187,"date":"2022-03-09T21:34:53","date_gmt":"2022-03-09T21:34:53","guid":{"rendered":"https:\/\/unoticias.com.mx\/?p=12187"},"modified":"2022-03-09T21:34:53","modified_gmt":"2022-03-09T21:34:53","slug":"mario-moreno-no-renunciara-al-pri-y-se-preparan-para-sacar-del-poder-a-quienes-destruyen-el-pais","status":"publish","type":"post","link":"https:\/\/unoticias.com.mx\/index.php\/2022\/03\/09\/mario-moreno-no-renunciara-al-pri-y-se-preparan-para-sacar-del-poder-a-quienes-destruyen-el-pais\/","title":{"rendered":"MARIO MORENO, NO RENUNCIAR\u00c1 AL PRI, Y SE PREPARAN PARA SACAR DEL PODER A QUIENES DESTRUYEN EL PA\u00cdS!!"},"content":{"rendered":"\n<p>MARIO MORENO, NO RENUNCIAR\u00c1 AL PRI, Y SE PREPARAN PARA SACAR DEL PODER A QUIENES DESTRUYEN EL PA\u00cdS!!<\/p>\n\n\n\n<p>Marcial Campuzano<\/p>\n\n\n\n<p>Luego de revelar que ha recibido propuestas de afiliaci\u00f3n de diferentes partidos pol\u00edticos, el ex candidato a gobernador de Guerrero Mario Moreno Arcos dijo en definitiva que no renunciar\u00e1 a las filas del Partido Revolucionario Institucional (PRI), y se\u00f1al\u00f3 que contribuye en la conformaci\u00f3n de una gran alianza pol\u00edtica-electoral con miras al proceso electoral de 2024, \u201cpara sacar del poder a los que gobiernan y est\u00e1n destruyendo el pa\u00eds\u201d.<\/p>\n\n\n\n<p>Adem\u00e1s, dijo que se mantiene el inter\u00e9s de la dirigencia nacional del PRI para elegir al nuevo presidente del Comit\u00e9 Directivo Estatal del tricolor, pero que por lo pronto la atenci\u00f3n est\u00e1 enfocada en los procesos electorales que hay en varios estados del pa\u00eds para renovar gubernaturas, con claras ventajas para su partido en los estados de Durango, Hidalgo y Oaxaca.<\/p>\n\n\n\n<p>El pol\u00edtico originario de Chilpancingo inform\u00f3 que en las \u00faltimas fechas realiz\u00f3 diversas actividades, entre las que destac\u00f3 una reuni\u00f3n que sostuvo con el dirigente nacional del PRI Alejandro Moreno C\u00e1rdenas, \u201ccon quien vi temas relacionados con la pol\u00edtica estatal y nacional\u201d.<\/p>\n\n\n\n<p>Adem\u00e1s, \u201che tenido encuentros con actores y personajes que hacen pol\u00edtica en Guerrero\u201d. Cit\u00f3 que hace unos d\u00edas estuvo en Guerrero el dirigente nacional del Partido de la Revoluci\u00f3n Democr\u00e1tica Jes\u00fas Zambrano, \u201ccon quien coincid\u00ed en una gira de trabajo que hizo el l\u00edder estatal perredistas Alberto Catal\u00e1n en un encuentro que tuvieron de una corriente que hace vida al interior del PRD\u201d.<\/p>\n\n\n\n<p>Dio a conocer que tambi\u00e9n sostuvo reuniones con varios de sus amigos que militan en diferentes partidos pol\u00edticos, \u201cno s\u00f3lo con Movimiento Ciudadano, porque la construcci\u00f3n de una gran alianza en el pa\u00eds y en Guerrero pasa por el encuentro de muchos actores pol\u00edticos de Guerrero y del pa\u00eds\u201d.<\/p>\n\n\n\n<p>Mario Moreno consider\u00f3 como fundamental comenzar a construir hacia el 2024, una gran alianza \u201cque nos permita sacar del poder a quienes hoy d\u00eda a d\u00eda destruyen el pa\u00eds; creo que el reto es mayor y en eso debemos empe\u00f1arnos todos\u201d.<\/p>\n\n\n\n<p>Mario Moreno dej\u00f3 en claro que su batalla no es s\u00f3lo al interior del Partido Revolucionario Institucional, \u201cque la estoy dando\u201d, sino hacia el exterior, hacia otras corrientes, hacia otras fuerzas pol\u00edticas del estado \u201cque necesitamos\u201d.<\/p>\n\n\n\n<p>Record\u00f3 que en el proceso electoral del a\u00f1o pasado el PRI y su alianza electoral con el PRD lograron ser competitivos, \u201crealmente estuvimos a muy poco de obtener un triunfo despu\u00e9s de que los n\u00fameros eran totalmente adversos, pero no solamente los 2 partidos porque tambi\u00e9n participaron otras fuerzas con las que hubo coincidencias\u201d, sin dejar de se\u00f1alar que fue fundamental la participaci\u00f3n de la sociedad civil \u201cque nos permiti\u00f3 un plus con logros en el pasado proceso electoral.<\/p>\n\n\n\n<p>NO ME VOY DEL PRI<\/p>\n\n\n\n<p>El ex candidato pri\u00edsta a gobernador de Guerrero dijo en definitiva que no renunciar\u00e1 a las filas del PRI, expuso que no se ve fuera del PRI, y que por el contrario trabaja al interior de su partido \u201cconstruyendo y abonando y voy a seguir en esa ruta\u201d.<\/p>\n\n\n\n<p>Se\u00f1al\u00f3 que \u201chay voces perversas que al menor movimiento que hago se\u00f1alan y critican, pero estoy trabajando fuertemente en el PRI\u201d. Revel\u00f3 que ha recibido propuestas de afiliaci\u00f3n de otros partidos pol\u00edticos, \u201cpero yo sigo militando en el PRI\u201d.<\/p>\n\n\n\n<p>Mario Moreno aclar\u00f3 que sigue firme la determinaci\u00f3n del Comit\u00e9 Ejecutivo Nacional del PRI para renovar la dirigencia en Guerrero, pero que por el momento la dirigencia nacional est\u00e1 enfocada en los estados donde habr\u00e1 elecciones, principalmente en las entidades donde el PRI va a la cabeza como Hidalgo, Durando y Oaxaca.<\/p>\n\n\n\n<p>La idea del l\u00edder nacional del PRI Alejandro Moreno es que busquemos acuerdos y consensos, y que tan pronto como se den ser\u00e1 emitida la convocatoria en Guerrero y habr\u00e1 un nuevo dirigente estatal del tricolor.<\/p>\n\n\n\n<p>Inform\u00f3 que est\u00e1 sumado en algunos procesos electorales que hay en estados del pa\u00eds.<\/p>\n","protected":false},"excerpt":{"rendered":"<p>MARIO MORENO, NO RENUNCIAR\u00c1 AL PRI, Y SE PREPARAN PARA SACAR DEL PODER A QUIENES DESTRUYEN EL PA\u00cdS!! Marcial Campuzano Luego de revelar que ha recibido propuestas de afiliaci\u00f3n de &hellip; <a href=\"https:\/\/unoticias.com.mx\/index.php\/2022\/03\/09\/mario-moreno-no-renunciara-al-pri-y-se-preparan-para-sacar-del-poder-a-quienes-destruyen-el-pais\/\" class=\"more-link\">Leer m\u00e1s<\/a><\/p>\n","protected":false},"author":1,"featured_media":12188,"comment_status":"open","ping_status":"open","sticky":false,"template":"","format":"standard","meta":{"spay_email":"","footnotes":"","jetpack_publicize_message":"","jetpack_is_tweetstorm":false,"jetpack_publicize_feature_enabled":true},"categories":[15],"tags":[],"class_list":["post-12187","post","type-post","status-publish","format-standard","has-post-thumbnail","hentry","category-local-news","entry"],"jetpack_featured_media_url":"https:\/\/unoticias.com.mx\/wp-content\/uploads\/2022\/03\/FB_IMG_1646861551264.jpg","jetpack_publicize_connections":[],"jetpack_sharing_enabled":true,"jetpack_likes_enabled":true,"_links":{"self":[{"href":"https:\/\/unoticias.com.mx\/index.php\/wp-json\/wp\/v2\/posts\/12187","targetHints":{"allow":["GET"]}}],"collection":[{"href":"https:\/\/unoticias.com.mx\/index.php\/wp-json\/wp\/v2\/posts"}],"about":[{"href":"https:\/\/unoticias.com.mx\/index.php\/wp-json\/wp\/v2\/types\/post"}],"author":[{"embeddable":true,"href":"https:\/\/unoticias.com.mx\/index.php\/wp-json\/wp\/v2\/users\/1"}],"replies":[{"embeddable":true,"href":"https:\/\/unoticias.com.mx\/index.php\/wp-json\/wp\/v2\/comments?post=12187"}],"version-history":[{"count":1,"href":"https:\/\/unoticias.com.mx\/index.php\/wp-json\/wp\/v2\/posts\/12187\/revisions"}],"predecessor-version":[{"id":12189,"href":"https:\/\/unoticias.com.mx\/index.php\/wp-json\/wp\/v2\/posts\/12187\/revisions\/12189"}],"wp:featuredmedia":[{"embeddable":true,"href":"https:\/\/unoticias.com.mx\/index.php\/wp-json\/wp\/v2\/media\/12188"}],"wp:attachment":[{"href":"https:\/\/unoticias.com.mx\/index.php\/wp-json\/wp\/v2\/media?parent=12187"}],"wp:term":[{"taxonomy":"category","embeddable":true,"href":"https:\/\/unoticias.com.mx\/index.php\/wp-json\/wp\/v2\/categories?post=12187"},{"taxonomy":"post_tag","embeddable":true,"href":"https:\/\/unoticias.com.mx\/index.php\/wp-json\/wp\/v2\/tags?post=12187"}],"curies":[{"name":"wp","href":"https:\/\/api.w.org\/{rel}","templated":true}]}}