{"id":12238,"date":"2022-03-14T21:06:19","date_gmt":"2022-03-14T21:06:19","guid":{"rendered":"https:\/\/unoticias.com.mx\/?p=12238"},"modified":"2022-03-14T21:06:19","modified_gmt":"2022-03-14T21:06:19","slug":"detienen-a-juan-gerado-n-a-el-huevo-un-golpe-contundente-a-la-cupula-del-poder-del-cartel-del-noreste","status":"publish","type":"post","link":"https:\/\/unoticias.com.mx\/index.php\/2022\/03\/14\/detienen-a-juan-gerado-n-a-el-huevo-un-golpe-contundente-a-la-cupula-del-poder-del-cartel-del-noreste\/","title":{"rendered":"Detienen a Juan Gerado \u201cN\u201d (a) \u201cEl Huevo\u201d Un golpe contundente a la c\u00fapula del poder del cartel del Noreste"},"content":{"rendered":"\n<p>Detienen a Juan Gerado \u201cN\u201d (a) \u201cEl Huevo\u201d<br>Un golpe contundente a la c\u00fapula del poder del cartel del Noreste<\/p>\n\n\n\n<p>Ej\u00e9rcito Mexicano, Fiscal\u00eda General de la Rep\u00fablica, Centro Nacional de Inteligencia y Guardia Nacional, detienen a Juan Gerardo \u201cN\u201d (a) \u201cEl Huevo\u201d presunto l\u00edder de la delincuencia organizada en el estado de Tamaulipas<\/p>\n\n\n\n<p>Lomas de Sotelo, Cd. M\u00e9x., a 14 de marzo de 2022.- La Secretar\u00eda de la Defensa Nacional, Fiscal\u00eda General de la Rep\u00fablica, Centro Nacional de Inteligencia y Guardia Nacional, hacen del conocimiento que el 13 de marzo del presente a\u00f1o realizaron la detenci\u00f3n de un presunto l\u00edder de la delincuencia organizada que operaba en el Noreste del pa\u00eds.<br>Derivado de la planeaci\u00f3n, coordinaci\u00f3n interinstitucional y de los trabajos de inteligencia para detectar organizaciones criminales con presencia en el pa\u00eds, el personal militar realizaba reconocimientos terrestres en la colonia Hidalgo de Nuevo Laredo, Tamps.<br>Con motivo de lo anterior, miembros de la delincuencia organizada, lanzaron una agresi\u00f3n en contra del personal militar, logrando identificar y detener entre los presuntos agresores a Juan Gerardo \u201cN\u201d (a) \u201cEl Huevo\u201d en posesi\u00f3n de dos armas de uso exclusivo del Ej\u00e9rcito y Fuerza A\u00e9rea Mexicanos y quien cuenta con tres \u00f3rdenes de aprehensi\u00f3n: una en el estado de Tamaulipas por extorsi\u00f3n y asociaci\u00f3n delictuosa, otra en el estado de Coahuila por homicidio doloso y terrorismo; y una m\u00e1s con fines de extradici\u00f3n por conspiraci\u00f3n por tr\u00e1fico de drogas y lavado de dinero; el resto de los agresores se evadi\u00f3.<br>Juan Gerardo \u201cN\u201d (a) \u201cEl Huevo\u201d es quien lidera la organizaci\u00f3n criminal del C\u00e1rtel del noreste y del grupo de sicarios Tropas del Infierno, herederos de los procedimientos violentos del grupo de los Zetas, generador de violencia en cinco estados del pa\u00eds y en la regi\u00f3n de la frontera chica de Tamaulipas.<br>El detenido fue trasladado a las instalaciones de la Fiscalia Especializada en Materia de Delincuencia Organizada (FEMDO) para ser puesto a disposici\u00f3n del Agente del Ministerio P\u00fablico Federal y determinar su situaci\u00f3n jur\u00eddica.<br>Estas actividades se realizaron con estricto apego al estado de derecho y con pleno respeto a los derechos humanos.<br>La detenci\u00f3n de Juan Gerado \u201cN\u201d (a) \u201cEl Huevo\u201d representa un golpe contundente a la c\u00fapula del poder del C\u00e1rtel del noreste, acciones que refrendan el compromiso leal e institucional por parte del Ej\u00e9rcito Mexicano, Fiscal\u00eda General de la Rep\u00fablica, Centro Nacional de Inteligencia y Guardia Nacional; para reforzar el despliegue en Nuevo Laredo, Tamaulipas, el d\u00eda de hoy arribar\u00e1 personal militar y aeronaves.<\/p>\n","protected":false},"excerpt":{"rendered":"<p>Detienen a Juan Gerado \u201cN\u201d (a) \u201cEl Huevo\u201dUn golpe contundente a la c\u00fapula del poder del cartel del Noreste Ej\u00e9rcito Mexicano, Fiscal\u00eda General de la Rep\u00fablica, Centro Nacional de Inteligencia &hellip; <a href=\"https:\/\/unoticias.com.mx\/index.php\/2022\/03\/14\/detienen-a-juan-gerado-n-a-el-huevo-un-golpe-contundente-a-la-cupula-del-poder-del-cartel-del-noreste\/\" class=\"more-link\">Leer m\u00e1s<\/a><\/p>\n","protected":false},"author":1,"featured_media":12239,"comment_status":"open","ping_status":"open","sticky":false,"template":"","format":"standard","meta":{"spay_email":"","footnotes":"","jetpack_publicize_message":"","jetpack_is_tweetstorm":false,"jetpack_publicize_feature_enabled":true},"categories":[40],"tags":[],"class_list":["post-12238","post","type-post","status-publish","format-standard","has-post-thumbnail","hentry","category-nacional","entry"],"jetpack_featured_media_url":"https:\/\/unoticias.com.mx\/wp-content\/uploads\/2022\/03\/IMG_20220314_150500_482.jpg","jetpack_publicize_connections":[],"jetpack_sharing_enabled":true,"jetpack_likes_enabled":true,"_links":{"self":[{"href":"https:\/\/unoticias.com.mx\/index.php\/wp-json\/wp\/v2\/posts\/12238","targetHints":{"allow":["GET"]}}],"collection":[{"href":"https:\/\/unoticias.com.mx\/index.php\/wp-json\/wp\/v2\/posts"}],"about":[{"href":"https:\/\/unoticias.com.mx\/index.php\/wp-json\/wp\/v2\/types\/post"}],"author":[{"embeddable":true,"href":"https:\/\/unoticias.com.mx\/index.php\/wp-json\/wp\/v2\/users\/1"}],"replies":[{"embeddable":true,"href":"https:\/\/unoticias.com.mx\/index.php\/wp-json\/wp\/v2\/comments?post=12238"}],"version-history":[{"count":1,"href":"https:\/\/unoticias.com.mx\/index.php\/wp-json\/wp\/v2\/posts\/12238\/revisions"}],"predecessor-version":[{"id":12240,"href":"https:\/\/unoticias.com.mx\/index.php\/wp-json\/wp\/v2\/posts\/12238\/revisions\/12240"}],"wp:featuredmedia":[{"embeddable":true,"href":"https:\/\/unoticias.com.mx\/index.php\/wp-json\/wp\/v2\/media\/12239"}],"wp:attachment":[{"href":"https:\/\/unoticias.com.mx\/index.php\/wp-json\/wp\/v2\/media?parent=12238"}],"wp:term":[{"taxonomy":"category","embeddable":true,"href":"https:\/\/unoticias.com.mx\/index.php\/wp-json\/wp\/v2\/categories?post=12238"},{"taxonomy":"post_tag","embeddable":true,"href":"https:\/\/unoticias.com.mx\/index.php\/wp-json\/wp\/v2\/tags?post=12238"}],"curies":[{"name":"wp","href":"https:\/\/api.w.org\/{rel}","templated":true}]}}