{"id":12331,"date":"2022-03-23T17:56:34","date_gmt":"2022-03-23T17:56:34","guid":{"rendered":"https:\/\/unoticias.com.mx\/?p=12331"},"modified":"2022-03-23T17:56:34","modified_gmt":"2022-03-23T17:56:34","slug":"la-fiscal-sigue-dando-palos-de-ciego-sus-lacayos-armados-intimidaron-con-sus-armas-a-reportero","status":"publish","type":"post","link":"https:\/\/unoticias.com.mx\/index.php\/2022\/03\/23\/la-fiscal-sigue-dando-palos-de-ciego-sus-lacayos-armados-intimidaron-con-sus-armas-a-reportero\/","title":{"rendered":"LA FISCAL SIGUE DANDO PALOS DE CIEGO, SUS LACAYOS ARMADOS INTIMIDARON CON SUS ARMAS A REPORTERO."},"content":{"rendered":"\n<p>LA FISCAL SIGUE DANDO PALOS DE CIEGO, SUS LACAYOS ARMADOS INTIMIDARON CON SUS ARMAS A REPORTERO.<\/p>\n\n\n\n<p>*** NO mas militares en la fiscal\u00eda, estos rufianes act\u00faan como delincuentes. Son prepotentes.<br>*** &#8220;estos uniformados no saben convivir en sociedad&#8221;, dijo otro reportero que denunci\u00f3 tambi\u00e9n este hecho violento. Y creo que tiene raz\u00f3n<br>*** Escoltas de la Fiscal agreden e intimidan al periodista Jos\u00e9 Luis de la Cruz. El reportero responsabiliz\u00f3 a los guardias de Sandra Luz la procuradora de lo que le pueda pasar despu\u00e9s de lo que le paso y lo que le dijeron.<\/p>\n\n\n\n<p>Militares de una unidad de \u00e9lite del Ej\u00e9rcito Mexicano para operaciones especiales y encubiertas, son parte de la escolta personal de la fiscal general del estado de Guerrero, Sandra Luz Valdovinos Salmer\u00f3n.<br>Son intocables e in-mirables (no los puedes ver) reportan que hace unos momentos intimidaron e incluso amagaron con su arma denominada M4 con lanzagranadas, empuj\u00f3 al foto reportero Jos\u00e9 Luis de la Cruz, por tomar algunas im\u00e1genes y documentar su presencia formando un gran c\u00edrculo de seguridad para proteger a la fiscal en su asistencia al homenaje por el 216 aniversario del natalicio de Benito Ju\u00e1rez, realizado en el monumento a Las Banderas de Chilpancingo, acto que encabez\u00f3 la gobernadora Evelyn Salgado Pineda. Piden a la gobernadora que ya es tiempo de que se vaya la militar y llegue un civil a la Procuradur\u00eda.<\/p>\n","protected":false},"excerpt":{"rendered":"<p>LA FISCAL SIGUE DANDO PALOS DE CIEGO, SUS LACAYOS ARMADOS INTIMIDARON CON SUS ARMAS A REPORTERO. *** NO mas militares en la fiscal\u00eda, estos rufianes act\u00faan como delincuentes. Son prepotentes.*** &hellip; <a href=\"https:\/\/unoticias.com.mx\/index.php\/2022\/03\/23\/la-fiscal-sigue-dando-palos-de-ciego-sus-lacayos-armados-intimidaron-con-sus-armas-a-reportero\/\" class=\"more-link\">Leer m\u00e1s<\/a><\/p>\n","protected":false},"author":1,"featured_media":12332,"comment_status":"open","ping_status":"open","sticky":false,"template":"","format":"standard","meta":{"spay_email":"","footnotes":"","jetpack_publicize_message":"","jetpack_is_tweetstorm":false,"jetpack_publicize_feature_enabled":true},"categories":[15],"tags":[],"class_list":["post-12331","post","type-post","status-publish","format-standard","has-post-thumbnail","hentry","category-local-news","entry"],"jetpack_featured_media_url":"https:\/\/unoticias.com.mx\/wp-content\/uploads\/2022\/03\/FB_IMG_1648058136701.jpg","jetpack_publicize_connections":[],"jetpack_sharing_enabled":true,"jetpack_likes_enabled":true,"_links":{"self":[{"href":"https:\/\/unoticias.com.mx\/index.php\/wp-json\/wp\/v2\/posts\/12331","targetHints":{"allow":["GET"]}}],"collection":[{"href":"https:\/\/unoticias.com.mx\/index.php\/wp-json\/wp\/v2\/posts"}],"about":[{"href":"https:\/\/unoticias.com.mx\/index.php\/wp-json\/wp\/v2\/types\/post"}],"author":[{"embeddable":true,"href":"https:\/\/unoticias.com.mx\/index.php\/wp-json\/wp\/v2\/users\/1"}],"replies":[{"embeddable":true,"href":"https:\/\/unoticias.com.mx\/index.php\/wp-json\/wp\/v2\/comments?post=12331"}],"version-history":[{"count":1,"href":"https:\/\/unoticias.com.mx\/index.php\/wp-json\/wp\/v2\/posts\/12331\/revisions"}],"predecessor-version":[{"id":12333,"href":"https:\/\/unoticias.com.mx\/index.php\/wp-json\/wp\/v2\/posts\/12331\/revisions\/12333"}],"wp:featuredmedia":[{"embeddable":true,"href":"https:\/\/unoticias.com.mx\/index.php\/wp-json\/wp\/v2\/media\/12332"}],"wp:attachment":[{"href":"https:\/\/unoticias.com.mx\/index.php\/wp-json\/wp\/v2\/media?parent=12331"}],"wp:term":[{"taxonomy":"category","embeddable":true,"href":"https:\/\/unoticias.com.mx\/index.php\/wp-json\/wp\/v2\/categories?post=12331"},{"taxonomy":"post_tag","embeddable":true,"href":"https:\/\/unoticias.com.mx\/index.php\/wp-json\/wp\/v2\/tags?post=12331"}],"curies":[{"name":"wp","href":"https:\/\/api.w.org\/{rel}","templated":true}]}}