{"id":12380,"date":"2022-03-28T18:11:19","date_gmt":"2022-03-28T18:11:19","guid":{"rendered":"https:\/\/unoticias.com.mx\/?p=12380"},"modified":"2022-03-28T18:11:19","modified_gmt":"2022-03-28T18:11:19","slug":"bloquean-la-costera-miguel-aleman-en-acapulco-padres-de-familia-y-maestros-de-la-primaria-avila-camacho","status":"publish","type":"post","link":"https:\/\/unoticias.com.mx\/index.php\/2022\/03\/28\/bloquean-la-costera-miguel-aleman-en-acapulco-padres-de-familia-y-maestros-de-la-primaria-avila-camacho\/","title":{"rendered":"Bloquean la costera Miguel Alem\u00e1n en Acapulco, padres de familia y maestros de la primaria \u00c1vila Camacho."},"content":{"rendered":"\n<p>Bloquean la costera Miguel Alem\u00e1n en Acapulco, padres de familia y maestros de la primaria \u00c1vila Camacho.<\/p>\n\n\n\n<p>ACAPULCO, GRO. Un grupo de maestros y padres de familia de la Escuela Primaria Manuel \u00c1vila Camacho, bloquearon la Costera Miguel Alem\u00e1n, exigen la remodelaci\u00f3n del inmueble, presenta afectaciones por sismos.<br>Los padres de familia, se\u00f1alaron que hasta el momento ninguna autoridad educativa les ha hecho caso, les dan largas y no le resuelven nada.<br>.<\/p>\n","protected":false},"excerpt":{"rendered":"<p>Bloquean la costera Miguel Alem\u00e1n en Acapulco, padres de familia y maestros de la primaria \u00c1vila Camacho. ACAPULCO, GRO. Un grupo de maestros y padres de familia de la Escuela &hellip; <a href=\"https:\/\/unoticias.com.mx\/index.php\/2022\/03\/28\/bloquean-la-costera-miguel-aleman-en-acapulco-padres-de-familia-y-maestros-de-la-primaria-avila-camacho\/\" class=\"more-link\">Leer m\u00e1s<\/a><\/p>\n","protected":false},"author":1,"featured_media":12381,"comment_status":"open","ping_status":"open","sticky":false,"template":"","format":"standard","meta":{"spay_email":"","footnotes":"","jetpack_publicize_message":"","jetpack_is_tweetstorm":false,"jetpack_publicize_feature_enabled":true},"categories":[15],"tags":[],"class_list":["post-12380","post","type-post","status-publish","format-standard","has-post-thumbnail","hentry","category-local-news","entry"],"jetpack_featured_media_url":"https:\/\/unoticias.com.mx\/wp-content\/uploads\/2022\/03\/IMG_20220328_120939_467.jpg","jetpack_publicize_connections":[],"jetpack_sharing_enabled":true,"jetpack_likes_enabled":true,"_links":{"self":[{"href":"https:\/\/unoticias.com.mx\/index.php\/wp-json\/wp\/v2\/posts\/12380","targetHints":{"allow":["GET"]}}],"collection":[{"href":"https:\/\/unoticias.com.mx\/index.php\/wp-json\/wp\/v2\/posts"}],"about":[{"href":"https:\/\/unoticias.com.mx\/index.php\/wp-json\/wp\/v2\/types\/post"}],"author":[{"embeddable":true,"href":"https:\/\/unoticias.com.mx\/index.php\/wp-json\/wp\/v2\/users\/1"}],"replies":[{"embeddable":true,"href":"https:\/\/unoticias.com.mx\/index.php\/wp-json\/wp\/v2\/comments?post=12380"}],"version-history":[{"count":1,"href":"https:\/\/unoticias.com.mx\/index.php\/wp-json\/wp\/v2\/posts\/12380\/revisions"}],"predecessor-version":[{"id":12382,"href":"https:\/\/unoticias.com.mx\/index.php\/wp-json\/wp\/v2\/posts\/12380\/revisions\/12382"}],"wp:featuredmedia":[{"embeddable":true,"href":"https:\/\/unoticias.com.mx\/index.php\/wp-json\/wp\/v2\/media\/12381"}],"wp:attachment":[{"href":"https:\/\/unoticias.com.mx\/index.php\/wp-json\/wp\/v2\/media?parent=12380"}],"wp:term":[{"taxonomy":"category","embeddable":true,"href":"https:\/\/unoticias.com.mx\/index.php\/wp-json\/wp\/v2\/categories?post=12380"},{"taxonomy":"post_tag","embeddable":true,"href":"https:\/\/unoticias.com.mx\/index.php\/wp-json\/wp\/v2\/tags?post=12380"}],"curies":[{"name":"wp","href":"https:\/\/api.w.org\/{rel}","templated":true}]}}