{"id":12446,"date":"2022-04-01T04:19:23","date_gmt":"2022-04-01T04:19:23","guid":{"rendered":"https:\/\/unoticias.com.mx\/?p=12446"},"modified":"2022-04-01T04:19:23","modified_gmt":"2022-04-01T04:19:23","slug":"investigan-a-mandos-de-la-marina-relacionados-con-el-caso-ayotzinapa","status":"publish","type":"post","link":"https:\/\/unoticias.com.mx\/index.php\/2022\/04\/01\/investigan-a-mandos-de-la-marina-relacionados-con-el-caso-ayotzinapa\/","title":{"rendered":"Investigan a mandos de la Marina relacionados con el caso Ayotzinapa."},"content":{"rendered":"\n<h1 class=\"wp-block-heading\">Investigan a mandos de la Marina relacionados con el caso Ayotzinapa.<\/h1>\n\n\n\n<p>Mandos de la Secretar\u00eda de Marina-Armada de M\u00e9xico que en septiembre de 2014 estuvieron a cargo del operativo vinculado al caso Ayotzinapa son investigados, inform\u00f3 a la prensa el presidente Andr\u00e9s Manuel L\u00f3pez Obrador.<\/p>\n\n\n\n<p>El lunes de esta semana, el Grupo Interdisciplinario de Expertos Independientes (GIEI) divulg\u00f3 un video que revela acciones de elementos de la Secretar\u00eda de Marina en el basurero de Cocula, sitio medular a partir del cual se construy\u00f3 la llamada \u201cverdad hist\u00f3rica\u201d de la investigaci\u00f3n ministerial del sexenio pasado, seg\u00fan la cual los 43 j\u00f3venes normalistas fueron asesinados, incinerados y sus restos arrojados en esa zona.<\/p>\n\n\n\n<p>El documento del GIEI fue presentado en la Secretar\u00eda de Gobernaci\u00f3n, aunque previamente fue mostrado al presidente L\u00f3pez Obrador, seg\u00fan confirm\u00f3 el mandatario en la conferencia dada.<\/p>\n\n\n\n<p>En principio, L\u00f3pez Obrador subray\u00f3 que la investigaci\u00f3n sobre el caso Ayotzinapa est\u00e1 abierta porque es un compromiso de su gobierno (desde el inicio de su administraci\u00f3n, en 2018) para esclarecer lo que ocurri\u00f3 con los estudiantes la noche del 26 de septiembre de 2014 y la madrugada del d\u00eda siguiente.<\/p>\n\n\n\n<p>Sobre el video en referencia indic\u00f3: \u201cMe lo mostraron y se dio la instrucci\u00f3n de que se investigara a los jefes de la Marina que participaron en ese operativo y ya han declarado ante la Fiscal\u00eda\u201d.<\/p>\n","protected":false},"excerpt":{"rendered":"<p>Investigan a mandos de la Marina relacionados con el caso Ayotzinapa. Mandos de la Secretar\u00eda de Marina-Armada de M\u00e9xico que en septiembre de 2014 estuvieron a cargo del operativo vinculado &hellip; <a href=\"https:\/\/unoticias.com.mx\/index.php\/2022\/04\/01\/investigan-a-mandos-de-la-marina-relacionados-con-el-caso-ayotzinapa\/\" class=\"more-link\">Leer m\u00e1s<\/a><\/p>\n","protected":false},"author":1,"featured_media":12447,"comment_status":"open","ping_status":"open","sticky":false,"template":"","format":"standard","meta":{"spay_email":"","footnotes":"","jetpack_publicize_message":"","jetpack_is_tweetstorm":false,"jetpack_publicize_feature_enabled":true},"categories":[15],"tags":[],"class_list":["post-12446","post","type-post","status-publish","format-standard","has-post-thumbnail","hentry","category-local-news","entry"],"jetpack_featured_media_url":"https:\/\/unoticias.com.mx\/wp-content\/uploads\/2022\/04\/FB_IMG_1648786602303.jpg","jetpack_publicize_connections":[],"jetpack_sharing_enabled":true,"jetpack_likes_enabled":true,"_links":{"self":[{"href":"https:\/\/unoticias.com.mx\/index.php\/wp-json\/wp\/v2\/posts\/12446","targetHints":{"allow":["GET"]}}],"collection":[{"href":"https:\/\/unoticias.com.mx\/index.php\/wp-json\/wp\/v2\/posts"}],"about":[{"href":"https:\/\/unoticias.com.mx\/index.php\/wp-json\/wp\/v2\/types\/post"}],"author":[{"embeddable":true,"href":"https:\/\/unoticias.com.mx\/index.php\/wp-json\/wp\/v2\/users\/1"}],"replies":[{"embeddable":true,"href":"https:\/\/unoticias.com.mx\/index.php\/wp-json\/wp\/v2\/comments?post=12446"}],"version-history":[{"count":1,"href":"https:\/\/unoticias.com.mx\/index.php\/wp-json\/wp\/v2\/posts\/12446\/revisions"}],"predecessor-version":[{"id":12448,"href":"https:\/\/unoticias.com.mx\/index.php\/wp-json\/wp\/v2\/posts\/12446\/revisions\/12448"}],"wp:featuredmedia":[{"embeddable":true,"href":"https:\/\/unoticias.com.mx\/index.php\/wp-json\/wp\/v2\/media\/12447"}],"wp:attachment":[{"href":"https:\/\/unoticias.com.mx\/index.php\/wp-json\/wp\/v2\/media?parent=12446"}],"wp:term":[{"taxonomy":"category","embeddable":true,"href":"https:\/\/unoticias.com.mx\/index.php\/wp-json\/wp\/v2\/categories?post=12446"},{"taxonomy":"post_tag","embeddable":true,"href":"https:\/\/unoticias.com.mx\/index.php\/wp-json\/wp\/v2\/tags?post=12446"}],"curies":[{"name":"wp","href":"https:\/\/api.w.org\/{rel}","templated":true}]}}