{"id":12702,"date":"2022-04-21T18:56:19","date_gmt":"2022-04-21T18:56:19","guid":{"rendered":"https:\/\/unoticias.com.mx\/?p=12702"},"modified":"2022-04-21T18:56:19","modified_gmt":"2022-04-21T18:56:19","slug":"se-reune-el-primer-presidente-indigena-de-tlapa-de-comonfort-con-comerciantes-del-portal-morelos","status":"publish","type":"post","link":"https:\/\/unoticias.com.mx\/index.php\/2022\/04\/21\/se-reune-el-primer-presidente-indigena-de-tlapa-de-comonfort-con-comerciantes-del-portal-morelos\/","title":{"rendered":"Se re\u00fane el primer presidente ind\u00edgena de Tlapa de Comonfort, con comerciantes del \u201cPortal Morelos\u201d"},"content":{"rendered":"\n<p>Se re\u00fane el primer presidente ind\u00edgena de Tlapa de Comonfort, con comerciantes del \u201cPortal Morelos\u201d<\/p>\n\n\n\n<p>La noche del d\u00eda mi\u00e9rcoles, Gilberto Solano Arreaga el primer presidente ind\u00edgena de Tlapa de Comonfort, se reuni\u00f3 con el grupo de comerciantes del \u201cPortal Morelos\u201d, atendiendo la fraterna invitaci\u00f3n que le hicieran en se\u00f1al de agradecimiento por los trabajos de rehabilitaci\u00f3n que se realizan en el Portal.<\/p>\n\n\n\n<p>Solano Arreaga coment\u00f3 que, cuando las cosas se hacen de buena fe, cuando se tiene la mejor intenci\u00f3n, buenas cosas se puede lograr, tal es el caso de las grandes acciones que se realizar\u00e1n en este espacio hist\u00f3rico.<\/p>\n\n\n\n<p>El alcalde enfatiz\u00f3 que, Tlapa es el hogar que lo ha visto crecer y desarrollarse como ser humano, es por eso que su administraci\u00f3n trabaja intensamente por tener mejor futuro para el municipio.<\/p>\n\n\n\n<p>Agreg\u00f3 que, se ha planteado que la Catedral, el Z\u00f3calo y el Portal Morelos, sitios hist\u00f3ricos donde se han escrito muchas historias que han marcado a la gente, sean parte de este proyecto de rehabilitaci\u00f3n de una nueva imagen digna de la ciudadan\u00eda.<\/p>\n\n\n\n<p>Al t\u00e9rmino de la reuni\u00f3n y cena con el grupo de comerciantes, les agradeci\u00f3 y reconoci\u00f3 por la confianza en su gobierno, celebr\u00f3 que con el equipo del Portal se lograr\u00e1 darle un mejor rostro a Tlapa de Comonfort.<\/p>\n","protected":false},"excerpt":{"rendered":"<p>Se re\u00fane el primer presidente ind\u00edgena de Tlapa de Comonfort, con comerciantes del \u201cPortal Morelos\u201d La noche del d\u00eda mi\u00e9rcoles, Gilberto Solano Arreaga el primer presidente ind\u00edgena de Tlapa de &hellip; <a href=\"https:\/\/unoticias.com.mx\/index.php\/2022\/04\/21\/se-reune-el-primer-presidente-indigena-de-tlapa-de-comonfort-con-comerciantes-del-portal-morelos\/\" class=\"more-link\">Leer m\u00e1s<\/a><\/p>\n","protected":false},"author":1,"featured_media":12703,"comment_status":"open","ping_status":"open","sticky":false,"template":"","format":"standard","meta":{"spay_email":"","footnotes":"","jetpack_publicize_message":"","jetpack_is_tweetstorm":false,"jetpack_publicize_feature_enabled":true},"categories":[3],"tags":[],"class_list":["post-12702","post","type-post","status-publish","format-standard","has-post-thumbnail","hentry","category-africa","entry"],"jetpack_featured_media_url":"https:\/\/unoticias.com.mx\/wp-content\/uploads\/2022\/04\/IMG_20220421_134500_120.webp","jetpack_publicize_connections":[],"jetpack_sharing_enabled":true,"jetpack_likes_enabled":true,"_links":{"self":[{"href":"https:\/\/unoticias.com.mx\/index.php\/wp-json\/wp\/v2\/posts\/12702","targetHints":{"allow":["GET"]}}],"collection":[{"href":"https:\/\/unoticias.com.mx\/index.php\/wp-json\/wp\/v2\/posts"}],"about":[{"href":"https:\/\/unoticias.com.mx\/index.php\/wp-json\/wp\/v2\/types\/post"}],"author":[{"embeddable":true,"href":"https:\/\/unoticias.com.mx\/index.php\/wp-json\/wp\/v2\/users\/1"}],"replies":[{"embeddable":true,"href":"https:\/\/unoticias.com.mx\/index.php\/wp-json\/wp\/v2\/comments?post=12702"}],"version-history":[{"count":1,"href":"https:\/\/unoticias.com.mx\/index.php\/wp-json\/wp\/v2\/posts\/12702\/revisions"}],"predecessor-version":[{"id":12704,"href":"https:\/\/unoticias.com.mx\/index.php\/wp-json\/wp\/v2\/posts\/12702\/revisions\/12704"}],"wp:featuredmedia":[{"embeddable":true,"href":"https:\/\/unoticias.com.mx\/index.php\/wp-json\/wp\/v2\/media\/12703"}],"wp:attachment":[{"href":"https:\/\/unoticias.com.mx\/index.php\/wp-json\/wp\/v2\/media?parent=12702"}],"wp:term":[{"taxonomy":"category","embeddable":true,"href":"https:\/\/unoticias.com.mx\/index.php\/wp-json\/wp\/v2\/categories?post=12702"},{"taxonomy":"post_tag","embeddable":true,"href":"https:\/\/unoticias.com.mx\/index.php\/wp-json\/wp\/v2\/tags?post=12702"}],"curies":[{"name":"wp","href":"https:\/\/api.w.org\/{rel}","templated":true}]}}