{"id":13027,"date":"2022-05-06T19:01:20","date_gmt":"2022-05-06T19:01:20","guid":{"rendered":"https:\/\/unoticias.com.mx\/?p=13027"},"modified":"2022-05-06T19:01:20","modified_gmt":"2022-05-06T19:01:20","slug":"asesinan-a-ex-director-de-transito-de-coyuca-de-benitez","status":"publish","type":"post","link":"https:\/\/unoticias.com.mx\/index.php\/2022\/05\/06\/asesinan-a-ex-director-de-transito-de-coyuca-de-benitez\/","title":{"rendered":"ASESINAN\u00a0 A EX DIRECTOR DE TR\u00c1NSITO DE COYUCA DE BEN\u00cdTEZ."},"content":{"rendered":"<p>ASESINAN\u00a0 A<br \/>\nEX DIRECTOR DE TR\u00c1NSITO<br \/>\nDE COYUCA DE BEN\u00cdTEZ.<\/p>\n<p>* El era l\u00edder de transportistas fue agredido a balazos en la avenida principal de esta cabecera municipal<\/p>\n<p>Por J. Alberto Sol\u00eds Loeza \/\/ Coyuca de Ben\u00edtez, Gro; 06 de mayo de 2022.- Ante la imparable ola de cr\u00edmenes ocurridos en este municipio, la ma\u00f1ana de este viernes, poco despu\u00e9s de las 7:30 horas, fue ultimado a balazos el exdirector de Tr\u00e1nsito municipal, Marco Antonio Medina Flores.<\/p>\n<p>Seg\u00fan el reporte polic\u00edaco, el atentado en contra del tambi\u00e9n l\u00edder transportista, sucedi\u00f3 cuando iba a bordo de su veh\u00edculo, tipo sedan color gris, frente a la tienda comercial Neto.<\/p>\n<p>Se logr\u00f3 saber que a Medina Flores le asestaron al menos 8 impactos de bala en diferentes partes del cuerpo, por lo que al lugar del crimen estaba llegando personal de la Fiscal\u00eda General de Justicia del Estado para iniciar con las primeras indagaciones.<\/p>\n<p>Este exfuncionario, fungi\u00f3 como director de Tr\u00e1nsito municipal en la pasada administraci\u00f3n que encabez\u00f3 el ahora perred\u00edsta Alberto de los Santos D\u00edaz.<\/p>\n","protected":false},"excerpt":{"rendered":"<p>ASESINAN\u00a0 A EX DIRECTOR DE TR\u00c1NSITO DE COYUCA DE BEN\u00cdTEZ. * El era l\u00edder de transportistas fue agredido a balazos en la avenida principal de esta cabecera municipal Por J. &hellip; <a href=\"https:\/\/unoticias.com.mx\/index.php\/2022\/05\/06\/asesinan-a-ex-director-de-transito-de-coyuca-de-benitez\/\" class=\"more-link\">Leer m\u00e1s<\/a><\/p>\n","protected":false},"author":1,"featured_media":13028,"comment_status":"open","ping_status":"open","sticky":false,"template":"","format":"standard","meta":{"spay_email":"","footnotes":"","jetpack_publicize_message":"","jetpack_is_tweetstorm":false,"jetpack_publicize_feature_enabled":true},"categories":[6],"tags":[],"class_list":["post-13027","post","type-post","status-publish","format-standard","has-post-thumbnail","hentry","category-asia","entry"],"jetpack_featured_media_url":"https:\/\/unoticias.com.mx\/wp-content\/uploads\/2022\/05\/FB_IMG_1651863473143.jpg","jetpack_publicize_connections":[],"jetpack_sharing_enabled":true,"jetpack_likes_enabled":true,"_links":{"self":[{"href":"https:\/\/unoticias.com.mx\/index.php\/wp-json\/wp\/v2\/posts\/13027","targetHints":{"allow":["GET"]}}],"collection":[{"href":"https:\/\/unoticias.com.mx\/index.php\/wp-json\/wp\/v2\/posts"}],"about":[{"href":"https:\/\/unoticias.com.mx\/index.php\/wp-json\/wp\/v2\/types\/post"}],"author":[{"embeddable":true,"href":"https:\/\/unoticias.com.mx\/index.php\/wp-json\/wp\/v2\/users\/1"}],"replies":[{"embeddable":true,"href":"https:\/\/unoticias.com.mx\/index.php\/wp-json\/wp\/v2\/comments?post=13027"}],"version-history":[{"count":1,"href":"https:\/\/unoticias.com.mx\/index.php\/wp-json\/wp\/v2\/posts\/13027\/revisions"}],"predecessor-version":[{"id":13029,"href":"https:\/\/unoticias.com.mx\/index.php\/wp-json\/wp\/v2\/posts\/13027\/revisions\/13029"}],"wp:featuredmedia":[{"embeddable":true,"href":"https:\/\/unoticias.com.mx\/index.php\/wp-json\/wp\/v2\/media\/13028"}],"wp:attachment":[{"href":"https:\/\/unoticias.com.mx\/index.php\/wp-json\/wp\/v2\/media?parent=13027"}],"wp:term":[{"taxonomy":"category","embeddable":true,"href":"https:\/\/unoticias.com.mx\/index.php\/wp-json\/wp\/v2\/categories?post=13027"},{"taxonomy":"post_tag","embeddable":true,"href":"https:\/\/unoticias.com.mx\/index.php\/wp-json\/wp\/v2\/tags?post=13027"}],"curies":[{"name":"wp","href":"https:\/\/api.w.org\/{rel}","templated":true}]}}