{"id":13040,"date":"2022-05-07T02:45:02","date_gmt":"2022-05-07T02:45:02","guid":{"rendered":"https:\/\/unoticias.com.mx\/?p=13040"},"modified":"2022-05-07T02:45:02","modified_gmt":"2022-05-07T02:45:02","slug":"asesinan-a-periodista-de-sinaloa-durante-el-gobierno-de-amlo-se-han-incrementado-el-asesinato-a-comunicadores-como-nunca-antes-en-la-historia","status":"publish","type":"post","link":"https:\/\/unoticias.com.mx\/index.php\/2022\/05\/07\/asesinan-a-periodista-de-sinaloa-durante-el-gobierno-de-amlo-se-han-incrementado-el-asesinato-a-comunicadores-como-nunca-antes-en-la-historia\/","title":{"rendered":"Asesinan a periodista de Sinaloa; durante el gobierno de AMLO se han incrementado el asesinato a comunicadores como nunca antes en la historia."},"content":{"rendered":"<div align=\"left\">\n<p dir=\"ltr\">Asesinan a periodista de Sinaloa; durante el gobierno de AMLO se han incrementado el asesinato a comunicadores como nunca antes en la historia.<\/p>\n<p dir=\"ltr\"><b>Culiac\u00e1n, Sin.-<\/b>\u00a0El periodista Luis Enrique Ram\u00edrez Ramos, due\u00f1o del portal de noticias Fuentes Fidedignas y columnista en el peri\u00f3dico El Debate, fue encontrado muerto y envuelto en pl\u00e1stico.<\/p>\n<\/div>\n<div align=\"left\">\n<p>El cad\u00e1ver que fue hallado este jueves alrededor de las 10 horas envuelto el pl\u00e1stico trasparente y hules negros a unos metros de la carretera Internacional M\u00e9xico 15 al sur, junto a una brecha que conduce a la colonia Antorchista y al Campestre Las Nanchiz.<br \/>\nEl periodista de 59 a\u00f1os de edad habr\u00eda sido \u201clevantado\u201d el mi\u00e9rcoles en la Colonia Los Pinos, en Culiac\u00e1n.<br \/>\nSus familiares acudieron al Servicio M\u00e9dico Forense (Semefo) donde lo identificaron.<br \/>\nLuis Enrique Ram\u00edrez ten\u00eda varias d\u00e9cadas dedicadas al periodismo, especialista en el tema pol\u00edtico. Hace alrededor de 10 a\u00f1os fund\u00f3 el portal de internet Fuentes Fidedignas y tambi\u00e9n era columnista en el peri\u00f3dico El Debate.<br \/>\nDesde el inicio de gobierno de Andr\u00e9s Manuel L\u00f3pez Obrador, los asesinatos de ataques a periodistas se han incrementado como nunca antes en la historia de M\u00e9xico.<br \/>\nDesde este espacio exigimos al gobierno federal, cese del asesinato de periodistas en M\u00e9xico!!<\/p>\n<\/div>\n","protected":false},"excerpt":{"rendered":"<p>Asesinan a periodista de Sinaloa; durante el gobierno de AMLO se han incrementado el asesinato a comunicadores como nunca antes en la historia. Culiac\u00e1n, Sin.-\u00a0El periodista Luis Enrique Ram\u00edrez Ramos, &hellip; <a href=\"https:\/\/unoticias.com.mx\/index.php\/2022\/05\/07\/asesinan-a-periodista-de-sinaloa-durante-el-gobierno-de-amlo-se-han-incrementado-el-asesinato-a-comunicadores-como-nunca-antes-en-la-historia\/\" class=\"more-link\">Leer m\u00e1s<\/a><\/p>\n","protected":false},"author":1,"featured_media":13041,"comment_status":"open","ping_status":"open","sticky":false,"template":"","format":"standard","meta":{"spay_email":"","footnotes":"","jetpack_publicize_message":"","jetpack_is_tweetstorm":false,"jetpack_publicize_feature_enabled":true},"categories":[40],"tags":[],"class_list":["post-13040","post","type-post","status-publish","format-standard","has-post-thumbnail","hentry","category-nacional","entry"],"jetpack_featured_media_url":"https:\/\/unoticias.com.mx\/wp-content\/uploads\/2022\/05\/IMG_20220506_213824_623.jpg","jetpack_publicize_connections":[],"jetpack_sharing_enabled":true,"jetpack_likes_enabled":true,"_links":{"self":[{"href":"https:\/\/unoticias.com.mx\/index.php\/wp-json\/wp\/v2\/posts\/13040","targetHints":{"allow":["GET"]}}],"collection":[{"href":"https:\/\/unoticias.com.mx\/index.php\/wp-json\/wp\/v2\/posts"}],"about":[{"href":"https:\/\/unoticias.com.mx\/index.php\/wp-json\/wp\/v2\/types\/post"}],"author":[{"embeddable":true,"href":"https:\/\/unoticias.com.mx\/index.php\/wp-json\/wp\/v2\/users\/1"}],"replies":[{"embeddable":true,"href":"https:\/\/unoticias.com.mx\/index.php\/wp-json\/wp\/v2\/comments?post=13040"}],"version-history":[{"count":1,"href":"https:\/\/unoticias.com.mx\/index.php\/wp-json\/wp\/v2\/posts\/13040\/revisions"}],"predecessor-version":[{"id":13042,"href":"https:\/\/unoticias.com.mx\/index.php\/wp-json\/wp\/v2\/posts\/13040\/revisions\/13042"}],"wp:featuredmedia":[{"embeddable":true,"href":"https:\/\/unoticias.com.mx\/index.php\/wp-json\/wp\/v2\/media\/13041"}],"wp:attachment":[{"href":"https:\/\/unoticias.com.mx\/index.php\/wp-json\/wp\/v2\/media?parent=13040"}],"wp:term":[{"taxonomy":"category","embeddable":true,"href":"https:\/\/unoticias.com.mx\/index.php\/wp-json\/wp\/v2\/categories?post=13040"},{"taxonomy":"post_tag","embeddable":true,"href":"https:\/\/unoticias.com.mx\/index.php\/wp-json\/wp\/v2\/tags?post=13040"}],"curies":[{"name":"wp","href":"https:\/\/api.w.org\/{rel}","templated":true}]}}