{"id":1312,"date":"2020-06-03T13:34:45","date_gmt":"2020-06-03T13:34:45","guid":{"rendered":"https:\/\/unoticias.com.mx\/?p=1312"},"modified":"2020-06-03T13:34:45","modified_gmt":"2020-06-03T13:34:45","slug":"madre-e-hija-de-3-anos-asesinadas-en-tlapa","status":"publish","type":"post","link":"https:\/\/unoticias.com.mx\/index.php\/2020\/06\/03\/madre-e-hija-de-3-anos-asesinadas-en-tlapa\/","title":{"rendered":"MADRE E HIJA DE 3 A\u00d1OS, ASESINADAS EN TLAPA."},"content":{"rendered":"\n<p>MADRE E HIJA DE 3 A\u00d1OS, ASESINADAS EN TLAPA.<\/p>\n\n\n\n<p>TLAPA, GRO. Una mujer y su hija de 3 a\u00f1os fueron estranguladas en el interior de su domicilio de esta ciudad de la Monta\u00f1a.<br>El macabro hallazgo se report\u00f3 alrededor de las 20:00 horas de este martes en la colonia Las \u00c1guilas, en zona de la periferia.<br>De acuerdo con datos aportados a las autoridades ministeriales por parte de un hermano de la occisa, \u00e9ste acudi\u00f3 a su casa debido a que no le contestaba las llamadas, llev\u00e1ndose la sorpresa de que las mataron de manera bestial.<br>A la humilde vivienda acudieron polic\u00edas de los distintos \u00f3rdenes de gobierno que acordonaron un amplio per\u00edmetro, mientras que el personal de la Fiscal\u00eda Regional realizaba las actuaciones.<br>Los primeros datos indican que ambas fueron asesinados v\u00eda el estrangulamiento, y para las autoridades el principal sospechoso es la pareja sentimental de la mujer.<br>La joven mujer contaba con 20 a\u00f1os y respond\u00eda al nombre de Nereyda \u201cN\u201d, mientras que la ni\u00f1a se llamaba Yamil, de apenas 3 a\u00f1os.<br>El familiar de la v\u00edctima inform\u00f3 que la casa en que viv\u00edan era rentada, cuyos vecinos, hasta la entrega de este reporte, estaban siendo entrevistados por las autoridades, en busca de indicios.<br>V\u00eda: La Noticia en la Monta\u00f1a.<\/p>\n","protected":false},"excerpt":{"rendered":"<p>MADRE E HIJA DE 3 A\u00d1OS, ASESINADAS EN TLAPA. TLAPA, GRO. Una mujer y su hija de 3 a\u00f1os fueron estranguladas en el interior de su domicilio de esta ciudad &hellip; <a href=\"https:\/\/unoticias.com.mx\/index.php\/2020\/06\/03\/madre-e-hija-de-3-anos-asesinadas-en-tlapa\/\" class=\"more-link\">Leer m\u00e1s<\/a><\/p>\n","protected":false},"author":1,"featured_media":1313,"comment_status":"open","ping_status":"open","sticky":false,"template":"","format":"standard","meta":{"spay_email":"","footnotes":"","jetpack_publicize_message":"","jetpack_is_tweetstorm":false,"jetpack_publicize_feature_enabled":true},"categories":[15],"tags":[],"class_list":["post-1312","post","type-post","status-publish","format-standard","has-post-thumbnail","hentry","category-local-news","entry"],"jetpack_featured_media_url":"https:\/\/unoticias.com.mx\/wp-content\/uploads\/2020\/06\/FB_IMG_1591191101640.jpg","jetpack_publicize_connections":[],"jetpack_sharing_enabled":true,"jetpack_likes_enabled":true,"_links":{"self":[{"href":"https:\/\/unoticias.com.mx\/index.php\/wp-json\/wp\/v2\/posts\/1312","targetHints":{"allow":["GET"]}}],"collection":[{"href":"https:\/\/unoticias.com.mx\/index.php\/wp-json\/wp\/v2\/posts"}],"about":[{"href":"https:\/\/unoticias.com.mx\/index.php\/wp-json\/wp\/v2\/types\/post"}],"author":[{"embeddable":true,"href":"https:\/\/unoticias.com.mx\/index.php\/wp-json\/wp\/v2\/users\/1"}],"replies":[{"embeddable":true,"href":"https:\/\/unoticias.com.mx\/index.php\/wp-json\/wp\/v2\/comments?post=1312"}],"version-history":[{"count":1,"href":"https:\/\/unoticias.com.mx\/index.php\/wp-json\/wp\/v2\/posts\/1312\/revisions"}],"predecessor-version":[{"id":1314,"href":"https:\/\/unoticias.com.mx\/index.php\/wp-json\/wp\/v2\/posts\/1312\/revisions\/1314"}],"wp:featuredmedia":[{"embeddable":true,"href":"https:\/\/unoticias.com.mx\/index.php\/wp-json\/wp\/v2\/media\/1313"}],"wp:attachment":[{"href":"https:\/\/unoticias.com.mx\/index.php\/wp-json\/wp\/v2\/media?parent=1312"}],"wp:term":[{"taxonomy":"category","embeddable":true,"href":"https:\/\/unoticias.com.mx\/index.php\/wp-json\/wp\/v2\/categories?post=1312"},{"taxonomy":"post_tag","embeddable":true,"href":"https:\/\/unoticias.com.mx\/index.php\/wp-json\/wp\/v2\/tags?post=1312"}],"curies":[{"name":"wp","href":"https:\/\/api.w.org\/{rel}","templated":true}]}}