{"id":13211,"date":"2022-05-24T01:38:35","date_gmt":"2022-05-24T01:38:35","guid":{"rendered":"https:\/\/unoticias.com.mx\/?p=13211"},"modified":"2022-05-24T01:38:35","modified_gmt":"2022-05-24T01:38:35","slug":"sujetos-de-zapotitlan-tablas-levantan-a-2-personas-familiares-piden-ayuda","status":"publish","type":"post","link":"https:\/\/unoticias.com.mx\/index.php\/2022\/05\/24\/sujetos-de-zapotitlan-tablas-levantan-a-2-personas-familiares-piden-ayuda\/","title":{"rendered":"Sujetos de Zapotitl\u00e1n Tablas, levantan a 2 personas; familiares piden ayuda."},"content":{"rendered":"<p style=\"padding-left: 80px; text-align: left;\">Sujetos de Zapotitl\u00e1n Tablas, levantan a 2 personas; familiares piden ayuda.<\/p>\n<p>Escribe: Carmen Gonz\u00e1lez Benicio<\/p>\n<p>Dos hombres del municipio de Zapotitl\u00e1n Tablas fueron privados de su libertad ayer domingo por la noche por personas armadas en la carretera que comunica con la comunidad de Ahuixotitla.<\/p>\n<p>Los datos de las personas privadas de su libertad fueron reportados al Centro de Derechos Humanos de la Monta\u00f1a Tlachinollan para su difusi\u00f3n y solicitar la intervenci\u00f3n de las autoridades estatales.<\/p>\n<p>Las v\u00edctimas son Zeferino Cristino V\u00e1zquez, de 73 a\u00f1os quien es diab\u00e9tico e hipertenso y su nieto, Elmer Sait V\u00e1zquez Cristino, de 22 a\u00f1os iban a bordo de una camioneta Nissan, doble Cabina, Blanca.<\/p>\n<p>A la esposa de don Zeferino, quien los acompa\u00f1aba, fue quien cont\u00f3 que se les atraves\u00f3 una camioneta de color naranja, doble cabina cuando iban en el camino, de la cual descendieron hombres con los rostros cubiertos que se acercaron al conductor, su nieto, lo golpearon con un arma y sacaron del carro.<br \/>\nA ella la bajaron a golpes y jaloneos de la camioneta y la \u201caventaron\u201d, diciendo que no les serv\u00eda y de igual forma a Zeferino lo aventaron al suelo y golpearon, lo cual les preocupa porque tiene una herida por una operaci\u00f3n.<\/p>\n<p>A la se\u00f1ora la dejaron \u201ctirada\u201d en el puente de Santa Rosa llev\u00e1ndose a su marido y su nieto que subieron con violencia a la camioneta naranja con sus captores, en tanto, otros se llevaron su camioneta Nissan sin ubicar la ruta.<\/p>\n<p>Las dos personas fueron privadas de su libertad como a las 8:00 de la noche por lo que pidieron la movilizaci\u00f3n e intervenci\u00f3n de las fuerzas de seguridad municipal, estatal y federal para su localizaci\u00f3n, porque son gente de trabajo, que se dedica a las labores del campo.<\/p>\n<p>Hasta el d\u00eda de hoy lunes 23 de mayo de los corrientes siguen sin saber nada, los familiares piden la intervenci\u00f3n de las autoridades para dar con su localizaci\u00f3n.<\/p>\n","protected":false},"excerpt":{"rendered":"<p>Sujetos de Zapotitl\u00e1n Tablas, levantan a 2 personas; familiares piden ayuda. Escribe: Carmen Gonz\u00e1lez Benicio Dos hombres del municipio de Zapotitl\u00e1n Tablas fueron privados de su libertad ayer domingo por &hellip; <a href=\"https:\/\/unoticias.com.mx\/index.php\/2022\/05\/24\/sujetos-de-zapotitlan-tablas-levantan-a-2-personas-familiares-piden-ayuda\/\" class=\"more-link\">Leer m\u00e1s<\/a><\/p>\n","protected":false},"author":1,"featured_media":13212,"comment_status":"open","ping_status":"open","sticky":false,"template":"","format":"standard","meta":{"spay_email":"","footnotes":"","jetpack_publicize_message":"","jetpack_is_tweetstorm":false,"jetpack_publicize_feature_enabled":true},"categories":[15],"tags":[],"class_list":["post-13211","post","type-post","status-publish","format-standard","has-post-thumbnail","hentry","category-local-news","entry"],"jetpack_featured_media_url":"https:\/\/unoticias.com.mx\/wp-content\/uploads\/2022\/05\/LogoLicious_20220523_203211.jpg","jetpack_publicize_connections":[],"jetpack_sharing_enabled":true,"jetpack_likes_enabled":true,"_links":{"self":[{"href":"https:\/\/unoticias.com.mx\/index.php\/wp-json\/wp\/v2\/posts\/13211","targetHints":{"allow":["GET"]}}],"collection":[{"href":"https:\/\/unoticias.com.mx\/index.php\/wp-json\/wp\/v2\/posts"}],"about":[{"href":"https:\/\/unoticias.com.mx\/index.php\/wp-json\/wp\/v2\/types\/post"}],"author":[{"embeddable":true,"href":"https:\/\/unoticias.com.mx\/index.php\/wp-json\/wp\/v2\/users\/1"}],"replies":[{"embeddable":true,"href":"https:\/\/unoticias.com.mx\/index.php\/wp-json\/wp\/v2\/comments?post=13211"}],"version-history":[{"count":1,"href":"https:\/\/unoticias.com.mx\/index.php\/wp-json\/wp\/v2\/posts\/13211\/revisions"}],"predecessor-version":[{"id":13213,"href":"https:\/\/unoticias.com.mx\/index.php\/wp-json\/wp\/v2\/posts\/13211\/revisions\/13213"}],"wp:featuredmedia":[{"embeddable":true,"href":"https:\/\/unoticias.com.mx\/index.php\/wp-json\/wp\/v2\/media\/13212"}],"wp:attachment":[{"href":"https:\/\/unoticias.com.mx\/index.php\/wp-json\/wp\/v2\/media?parent=13211"}],"wp:term":[{"taxonomy":"category","embeddable":true,"href":"https:\/\/unoticias.com.mx\/index.php\/wp-json\/wp\/v2\/categories?post=13211"},{"taxonomy":"post_tag","embeddable":true,"href":"https:\/\/unoticias.com.mx\/index.php\/wp-json\/wp\/v2\/tags?post=13211"}],"curies":[{"name":"wp","href":"https:\/\/api.w.org\/{rel}","templated":true}]}}