{"id":13393,"date":"2022-06-12T02:24:28","date_gmt":"2022-06-12T02:24:28","guid":{"rendered":"https:\/\/unoticias.com.mx\/?p=13393"},"modified":"2022-06-12T02:24:28","modified_gmt":"2022-06-12T02:24:28","slug":"comando-armado-ataca-a-balazos-el-ayuntamiento-de-atenango-del-rio","status":"publish","type":"post","link":"https:\/\/unoticias.com.mx\/index.php\/2022\/06\/12\/comando-armado-ataca-a-balazos-el-ayuntamiento-de-atenango-del-rio\/","title":{"rendered":"Comando armado, ataca a balazos el Ayuntamiento de Atenango del R\u00edo."},"content":{"rendered":"<p>Comando armado, ataca a balazos el Ayuntamiento de Atenango del R\u00edo<\/p>\n<p>***El Gobierno municipal de Atenango del R\u00edo, emite comunicado oficial.<br \/>\n*** Causan da\u00f1os a patrullas y al inmueble, Suspenden labores por el ataque armado.<\/p>\n<p>ATENANGO DEL R\u00cdO. Sujetos armados atacan el palacio municipal del municipio de Atenango del Rio, ubicado en la regi\u00f3n Norte de Guerrero, ocasionando da\u00f1os al inmueble.<br \/>\nA trav\u00e9s de un comunicado, el ayuntamiento de Atenango del Rio, inform\u00f3 que esta madrugada, cerca de las 03:00 horas, sujetos armados atacaron las instalaciones del palacio municipal.<br \/>\nEn el comunicado se informa a la poblaci\u00f3n que el ataque armado ocasion\u00f3 da\u00f1os en dos patrullas de la polic\u00eda municipal y a otros dos veh\u00edculos, as\u00ed como a la estructura del palacio municipal.<br \/>\nEn el comunicado se inform\u00f3 que no se reportan civiles o personas de seguridad lesionadas.<br \/>\nAnte los hechos de violencia registrados esta madrugada se inform\u00f3 a la poblaci\u00f3n la suspenci\u00f3n de labores este d\u00eda s\u00e1bado, concluye el comunicado oficial del ayuntamiento de Atenango del Rio. (La foto es solo ilustrativa)<\/p>\n","protected":false},"excerpt":{"rendered":"<p>Comando armado, ataca a balazos el Ayuntamiento de Atenango del R\u00edo ***El Gobierno municipal de Atenango del R\u00edo, emite comunicado oficial. *** Causan da\u00f1os a patrullas y al inmueble, Suspenden &hellip; <a href=\"https:\/\/unoticias.com.mx\/index.php\/2022\/06\/12\/comando-armado-ataca-a-balazos-el-ayuntamiento-de-atenango-del-rio\/\" class=\"more-link\">Leer m\u00e1s<\/a><\/p>\n","protected":false},"author":1,"featured_media":13394,"comment_status":"open","ping_status":"open","sticky":false,"template":"","format":"standard","meta":{"spay_email":"","footnotes":"","jetpack_publicize_message":"","jetpack_is_tweetstorm":false,"jetpack_publicize_feature_enabled":true},"categories":[15],"tags":[],"class_list":["post-13393","post","type-post","status-publish","format-standard","has-post-thumbnail","hentry","category-local-news","entry"],"jetpack_featured_media_url":"https:\/\/unoticias.com.mx\/wp-content\/uploads\/2022\/06\/FB_IMG_1655000006431.jpg","jetpack_publicize_connections":[],"jetpack_sharing_enabled":true,"jetpack_likes_enabled":true,"_links":{"self":[{"href":"https:\/\/unoticias.com.mx\/index.php\/wp-json\/wp\/v2\/posts\/13393","targetHints":{"allow":["GET"]}}],"collection":[{"href":"https:\/\/unoticias.com.mx\/index.php\/wp-json\/wp\/v2\/posts"}],"about":[{"href":"https:\/\/unoticias.com.mx\/index.php\/wp-json\/wp\/v2\/types\/post"}],"author":[{"embeddable":true,"href":"https:\/\/unoticias.com.mx\/index.php\/wp-json\/wp\/v2\/users\/1"}],"replies":[{"embeddable":true,"href":"https:\/\/unoticias.com.mx\/index.php\/wp-json\/wp\/v2\/comments?post=13393"}],"version-history":[{"count":1,"href":"https:\/\/unoticias.com.mx\/index.php\/wp-json\/wp\/v2\/posts\/13393\/revisions"}],"predecessor-version":[{"id":13395,"href":"https:\/\/unoticias.com.mx\/index.php\/wp-json\/wp\/v2\/posts\/13393\/revisions\/13395"}],"wp:featuredmedia":[{"embeddable":true,"href":"https:\/\/unoticias.com.mx\/index.php\/wp-json\/wp\/v2\/media\/13394"}],"wp:attachment":[{"href":"https:\/\/unoticias.com.mx\/index.php\/wp-json\/wp\/v2\/media?parent=13393"}],"wp:term":[{"taxonomy":"category","embeddable":true,"href":"https:\/\/unoticias.com.mx\/index.php\/wp-json\/wp\/v2\/categories?post=13393"},{"taxonomy":"post_tag","embeddable":true,"href":"https:\/\/unoticias.com.mx\/index.php\/wp-json\/wp\/v2\/tags?post=13393"}],"curies":[{"name":"wp","href":"https:\/\/api.w.org\/{rel}","templated":true}]}}