{"id":13452,"date":"2022-06-16T19:27:27","date_gmt":"2022-06-16T19:27:27","guid":{"rendered":"https:\/\/unoticias.com.mx\/?p=13452"},"modified":"2022-06-16T19:27:27","modified_gmt":"2022-06-16T19:27:27","slug":"integra-diputado-rafael-navarrete-comision-permanente-del-congreso-del-estado","status":"publish","type":"post","link":"https:\/\/unoticias.com.mx\/index.php\/2022\/06\/16\/integra-diputado-rafael-navarrete-comision-permanente-del-congreso-del-estado\/","title":{"rendered":"INTEGRA DIPUTADO RAFAEL NAVARRETE COMISI\u00d3N PERMANENTE DEL CONGRESO DEL ESTADO."},"content":{"rendered":"<p style=\"text-align: center;\">INTEGRA DIPUTADO RAFAEL NAVARRETE COMISI\u00d3N PERMANENTE DEL CONGRESO DEL ESTADO.<\/p>\n<p>****Continuar\u00e1 con la gesti\u00f3n social y llevando temas de su distrito a la tribuna del Legislativo<\/p>\n<p>CHILPANCINGO. &#8211; Con \u00e1nimo, determinaci\u00f3n y el compromiso de llevar los temas del Distrito 16 a la tribuna, sin dejar de lado la gesti\u00f3n social , el diputado local priista Rafael Navarrete Quezada, tom\u00f3 protesta este martes como vocal propietario integrante de la Comisi\u00f3n Permanente para el Segundo Periodo de Receso del Primer A\u00f1o de Ejercicio Constitucional de la 63 Legislatura al Congreso del Estado de Guerrero.<\/p>\n<p>El legislador ometepequense, expres\u00f3 su deseo para que los trabajos que se desarrollen en esta etapa legislativa, sean en bien del pueblo de Guerrero. &#8220;Enhorabuena compa\u00f1eras y compa\u00f1eros diputados. A trabajar como #ElPuebloManda&#8221;, expres\u00f3.<\/p>\n","protected":false},"excerpt":{"rendered":"<p>INTEGRA DIPUTADO RAFAEL NAVARRETE COMISI\u00d3N PERMANENTE DEL CONGRESO DEL ESTADO. ****Continuar\u00e1 con la gesti\u00f3n social y llevando temas de su distrito a la tribuna del Legislativo CHILPANCINGO. &#8211; Con \u00e1nimo, &hellip; <a href=\"https:\/\/unoticias.com.mx\/index.php\/2022\/06\/16\/integra-diputado-rafael-navarrete-comision-permanente-del-congreso-del-estado\/\" class=\"more-link\">Leer m\u00e1s<\/a><\/p>\n","protected":false},"author":1,"featured_media":13453,"comment_status":"open","ping_status":"open","sticky":false,"template":"","format":"standard","meta":{"spay_email":"","footnotes":"","jetpack_publicize_message":"","jetpack_is_tweetstorm":false,"jetpack_publicize_feature_enabled":true},"categories":[3],"tags":[],"class_list":["post-13452","post","type-post","status-publish","format-standard","has-post-thumbnail","hentry","category-africa","entry"],"jetpack_featured_media_url":"https:\/\/unoticias.com.mx\/wp-content\/uploads\/2022\/06\/FB_IMG_1655407335837.jpg","jetpack_publicize_connections":[],"jetpack_sharing_enabled":true,"jetpack_likes_enabled":true,"_links":{"self":[{"href":"https:\/\/unoticias.com.mx\/index.php\/wp-json\/wp\/v2\/posts\/13452","targetHints":{"allow":["GET"]}}],"collection":[{"href":"https:\/\/unoticias.com.mx\/index.php\/wp-json\/wp\/v2\/posts"}],"about":[{"href":"https:\/\/unoticias.com.mx\/index.php\/wp-json\/wp\/v2\/types\/post"}],"author":[{"embeddable":true,"href":"https:\/\/unoticias.com.mx\/index.php\/wp-json\/wp\/v2\/users\/1"}],"replies":[{"embeddable":true,"href":"https:\/\/unoticias.com.mx\/index.php\/wp-json\/wp\/v2\/comments?post=13452"}],"version-history":[{"count":1,"href":"https:\/\/unoticias.com.mx\/index.php\/wp-json\/wp\/v2\/posts\/13452\/revisions"}],"predecessor-version":[{"id":13454,"href":"https:\/\/unoticias.com.mx\/index.php\/wp-json\/wp\/v2\/posts\/13452\/revisions\/13454"}],"wp:featuredmedia":[{"embeddable":true,"href":"https:\/\/unoticias.com.mx\/index.php\/wp-json\/wp\/v2\/media\/13453"}],"wp:attachment":[{"href":"https:\/\/unoticias.com.mx\/index.php\/wp-json\/wp\/v2\/media?parent=13452"}],"wp:term":[{"taxonomy":"category","embeddable":true,"href":"https:\/\/unoticias.com.mx\/index.php\/wp-json\/wp\/v2\/categories?post=13452"},{"taxonomy":"post_tag","embeddable":true,"href":"https:\/\/unoticias.com.mx\/index.php\/wp-json\/wp\/v2\/tags?post=13452"}],"curies":[{"name":"wp","href":"https:\/\/api.w.org\/{rel}","templated":true}]}}