{"id":1361,"date":"2020-06-04T17:22:32","date_gmt":"2020-06-04T17:22:32","guid":{"rendered":"https:\/\/unoticias.com.mx\/?p=1361"},"modified":"2020-06-04T17:22:32","modified_gmt":"2020-06-04T17:22:32","slug":"la-policia-asesina-a-un-albanil-por-no-usar-cubrebocas","status":"publish","type":"post","link":"https:\/\/unoticias.com.mx\/index.php\/2020\/06\/04\/la-policia-asesina-a-un-albanil-por-no-usar-cubrebocas\/","title":{"rendered":"LA POLICIA ASESINA A UN ALBA\u00d1IL, POR NO USAR CUBREBOCAS."},"content":{"rendered":"\n<p>LA POLICIA ASESINA A UN ALBA\u00d1IL, POR NO USAR CUBREBOCAS.<\/p>\n\n\n\n<p>En Guadalajara, Jal, Polic\u00edas se llevaron a Giovanni l\u00f3pez, alba\u00f1il de 30 a\u00f1os, solamente por no llevar cubrebocas y se lo regresaron muerto por traumatismo cr\u00e1neo encef\u00e1lico a su familia con huellas de golpes y un balazo en el pie.<br>#Compartan<\/p>\n","protected":false},"excerpt":{"rendered":"<p>LA POLICIA ASESINA A UN ALBA\u00d1IL, POR NO USAR CUBREBOCAS. En Guadalajara, Jal, Polic\u00edas se llevaron a Giovanni l\u00f3pez, alba\u00f1il de 30 a\u00f1os, solamente por no llevar cubrebocas y se &hellip; <a href=\"https:\/\/unoticias.com.mx\/index.php\/2020\/06\/04\/la-policia-asesina-a-un-albanil-por-no-usar-cubrebocas\/\" class=\"more-link\">Leer m\u00e1s<\/a><\/p>\n","protected":false},"author":1,"featured_media":1362,"comment_status":"open","ping_status":"open","sticky":false,"template":"","format":"standard","meta":{"spay_email":"","footnotes":"","jetpack_publicize_message":"","jetpack_is_tweetstorm":false,"jetpack_publicize_feature_enabled":true},"categories":[40],"tags":[],"class_list":["post-1361","post","type-post","status-publish","format-standard","has-post-thumbnail","hentry","category-nacional","entry"],"jetpack_featured_media_url":"https:\/\/unoticias.com.mx\/wp-content\/uploads\/2020\/06\/FB_IMG_1591290935791.jpg","jetpack_publicize_connections":[],"jetpack_sharing_enabled":true,"jetpack_likes_enabled":true,"_links":{"self":[{"href":"https:\/\/unoticias.com.mx\/index.php\/wp-json\/wp\/v2\/posts\/1361","targetHints":{"allow":["GET"]}}],"collection":[{"href":"https:\/\/unoticias.com.mx\/index.php\/wp-json\/wp\/v2\/posts"}],"about":[{"href":"https:\/\/unoticias.com.mx\/index.php\/wp-json\/wp\/v2\/types\/post"}],"author":[{"embeddable":true,"href":"https:\/\/unoticias.com.mx\/index.php\/wp-json\/wp\/v2\/users\/1"}],"replies":[{"embeddable":true,"href":"https:\/\/unoticias.com.mx\/index.php\/wp-json\/wp\/v2\/comments?post=1361"}],"version-history":[{"count":1,"href":"https:\/\/unoticias.com.mx\/index.php\/wp-json\/wp\/v2\/posts\/1361\/revisions"}],"predecessor-version":[{"id":1363,"href":"https:\/\/unoticias.com.mx\/index.php\/wp-json\/wp\/v2\/posts\/1361\/revisions\/1363"}],"wp:featuredmedia":[{"embeddable":true,"href":"https:\/\/unoticias.com.mx\/index.php\/wp-json\/wp\/v2\/media\/1362"}],"wp:attachment":[{"href":"https:\/\/unoticias.com.mx\/index.php\/wp-json\/wp\/v2\/media?parent=1361"}],"wp:term":[{"taxonomy":"category","embeddable":true,"href":"https:\/\/unoticias.com.mx\/index.php\/wp-json\/wp\/v2\/categories?post=1361"},{"taxonomy":"post_tag","embeddable":true,"href":"https:\/\/unoticias.com.mx\/index.php\/wp-json\/wp\/v2\/tags?post=1361"}],"curies":[{"name":"wp","href":"https:\/\/api.w.org\/{rel}","templated":true}]}}