{"id":1364,"date":"2020-06-04T17:31:37","date_gmt":"2020-06-04T17:31:37","guid":{"rendered":"https:\/\/unoticias.com.mx\/?p=1364"},"modified":"2020-06-04T17:31:37","modified_gmt":"2020-06-04T17:31:37","slug":"hombre-arrolla-y-mata-a-su-hijo-de-3-anos-con-un-tractor-agricola","status":"publish","type":"post","link":"https:\/\/unoticias.com.mx\/index.php\/2020\/06\/04\/hombre-arrolla-y-mata-a-su-hijo-de-3-anos-con-un-tractor-agricola\/","title":{"rendered":"HOMBRE ARROLLA Y MATA A SU HIJO DE 3 A\u00d1OS CON UN TRACTOR AGR\u00cdCOLA."},"content":{"rendered":"\n<p>HOMBRE ARROLLA Y MATA A SU HIJO DE 3 A\u00d1OS CON UN TRACTOR AGR\u00cdCOLA.<\/p>\n\n\n\n<ul class=\"wp-block-list\"><li>El peque\u00f1o acompa\u00f1aba a su pap\u00e1 en las labores de limpieza de unas tierras<\/li><\/ul>\n\n\n\n<p>DURANGO, DGO. .- Un menor de 3 a\u00f1os muri\u00f3 luego de que se quedara dormido y su pap\u00e1 lo dejara en la pala de arrastre, por lo que cay\u00f3 y fue atropellado.<br>De acuerdo con informaci\u00f3n del personal de la Fiscal\u00eda General del Estado (FGE), el peque\u00f1o acompa\u00f1aba a su pap\u00e1 en las labores de limpieza de unas tierras; sin embargo, se qued\u00f3 dormido.<br>Al no poder cargarlo para realizar su trabajo, el pap\u00e1 decidi\u00f3 acostarlo en la cuchara de arrastre del tractor. As\u00ed, mientras conduc\u00eda, en un momento el veh\u00edculo \u201csalt\u00f3\u201d lo que llev\u00f3 al ni\u00f1o a caer al suelo y ser atropellado.<br>De manera inmediata el hombre solicit\u00f3 apoyo y lo trasladaron r\u00e1pidamente a una cl\u00ednica de la comunidad Villa Uni\u00f3n, donde el personal de salud no pudo hacer nada pues ya no contaba con signos vitales.<br>La Fiscal\u00eda tom\u00f3 conocimiento de los hechos y Servicios Periciales trasladaron el cuerpo a la morgue para la autopsia de rigor.<\/p>\n","protected":false},"excerpt":{"rendered":"<p>HOMBRE ARROLLA Y MATA A SU HIJO DE 3 A\u00d1OS CON UN TRACTOR AGR\u00cdCOLA. El peque\u00f1o acompa\u00f1aba a su pap\u00e1 en las labores de limpieza de unas tierras DURANGO, DGO. &hellip; <a href=\"https:\/\/unoticias.com.mx\/index.php\/2020\/06\/04\/hombre-arrolla-y-mata-a-su-hijo-de-3-anos-con-un-tractor-agricola\/\" class=\"more-link\">Leer m\u00e1s<\/a><\/p>\n","protected":false},"author":1,"featured_media":1365,"comment_status":"open","ping_status":"open","sticky":false,"template":"","format":"standard","meta":{"spay_email":"","footnotes":"","jetpack_publicize_message":"","jetpack_is_tweetstorm":false,"jetpack_publicize_feature_enabled":true},"categories":[40],"tags":[],"class_list":["post-1364","post","type-post","status-publish","format-standard","has-post-thumbnail","hentry","category-nacional","entry"],"jetpack_featured_media_url":"https:\/\/unoticias.com.mx\/wp-content\/uploads\/2020\/06\/FB_IMG_1591291682893.jpg","jetpack_publicize_connections":[],"jetpack_sharing_enabled":true,"jetpack_likes_enabled":true,"_links":{"self":[{"href":"https:\/\/unoticias.com.mx\/index.php\/wp-json\/wp\/v2\/posts\/1364","targetHints":{"allow":["GET"]}}],"collection":[{"href":"https:\/\/unoticias.com.mx\/index.php\/wp-json\/wp\/v2\/posts"}],"about":[{"href":"https:\/\/unoticias.com.mx\/index.php\/wp-json\/wp\/v2\/types\/post"}],"author":[{"embeddable":true,"href":"https:\/\/unoticias.com.mx\/index.php\/wp-json\/wp\/v2\/users\/1"}],"replies":[{"embeddable":true,"href":"https:\/\/unoticias.com.mx\/index.php\/wp-json\/wp\/v2\/comments?post=1364"}],"version-history":[{"count":1,"href":"https:\/\/unoticias.com.mx\/index.php\/wp-json\/wp\/v2\/posts\/1364\/revisions"}],"predecessor-version":[{"id":1366,"href":"https:\/\/unoticias.com.mx\/index.php\/wp-json\/wp\/v2\/posts\/1364\/revisions\/1366"}],"wp:featuredmedia":[{"embeddable":true,"href":"https:\/\/unoticias.com.mx\/index.php\/wp-json\/wp\/v2\/media\/1365"}],"wp:attachment":[{"href":"https:\/\/unoticias.com.mx\/index.php\/wp-json\/wp\/v2\/media?parent=1364"}],"wp:term":[{"taxonomy":"category","embeddable":true,"href":"https:\/\/unoticias.com.mx\/index.php\/wp-json\/wp\/v2\/categories?post=1364"},{"taxonomy":"post_tag","embeddable":true,"href":"https:\/\/unoticias.com.mx\/index.php\/wp-json\/wp\/v2\/tags?post=1364"}],"curies":[{"name":"wp","href":"https:\/\/api.w.org\/{rel}","templated":true}]}}