{"id":13745,"date":"2022-07-11T21:13:03","date_gmt":"2022-07-11T21:13:03","guid":{"rendered":"https:\/\/unoticias.com.mx\/?p=13745"},"modified":"2022-07-11T21:13:29","modified_gmt":"2022-07-11T21:13:29","slug":"consolida-evelyn-salgado-las-bases-de-la-4ta-transformacion-en-guerrero","status":"publish","type":"post","link":"https:\/\/unoticias.com.mx\/index.php\/2022\/07\/11\/consolida-evelyn-salgado-las-bases-de-la-4ta-transformacion-en-guerrero\/","title":{"rendered":"Consolida Evelyn Salgado las bases de la 4ta Transformaci\u00f3n en Guerrero."},"content":{"rendered":"<p>Consolida Evelyn Salgado las bases de la 4ta Transformaci\u00f3n en Guerrero.<\/p>\n<p>*&#8221;No hay duda, vamos por el camino correcto. A la madre de todos los males, la corrupci\u00f3n, hay que arrancarla desde ra\u00edz&#8221;, expres\u00f3 la gobernadora<\/p>\n<p>*Con un gobierno de territorio, austero y responsable de aut\u00e9ntica austeridad sin derroches, destaca la titular del Ejecutivo estatal<\/p>\n<p>Chilpancingo, Gro., 11 de julio del 2022. &#8211; La gobernadora Evelyn Salgado Pineda, se\u00f1al\u00f3 que en pocos meses se ha logrado avanzar en el combate a la corrupci\u00f3n en todos los espacios de la administraci\u00f3n p\u00fablica y detener el derroche de recursos y privilegios, en una aut\u00e9ntica austeridad republicana, de un gobierno de territorio, responsable, austero y eficiente, para que el bienestar y la transformaci\u00f3n llegue con justicia y con igualdad hasta el \u00faltimo rinc\u00f3n del Estado de Guerrero.<\/p>\n<p>Al encabezar la ceremonia c\u00edvica mensual del homenaje e izamiento de Bandera Nacional en la Casa del Pueblo, la gobernadora Evelyn Salgado, se\u00f1al\u00f3 que, con acciones y resultados se est\u00e1n sentando las bases de la Cuarta Transformaci\u00f3n en Guerrero, adem\u00e1s, convoc\u00f3 a realizar una valoraci\u00f3n de los esfuerzos que se han realizado durante la primera mitad de este a\u00f1o y a redoblarlos para la segunda mitad de este 2022.<\/p>\n<p>&#8220;Que este mes sea de mucho trabajo en favor de nuestro pueblo, que redoblemos esfuerzos como siempre lo hemos hecho, para que en esta segunda parte de nuestro primer a\u00f1o de gobierno podamos continuar dando resultados a las familias guerrerenses. No me queda duda que vamos por el camino correcto. A la madre de todos los males que es la corrupci\u00f3n, esa hay que arrancarla desde ra\u00edz&#8221;, puntualiz\u00f3 la gobernadora.<\/p>\n<p>Evelyn Salgado, refrend\u00f3 su compromiso absoluto de seguir trabajando para garantizar los derechos de todas y todos los guerrerenses para que el progreso, el bienestar y la transformaci\u00f3n llegue con justicia y con igualdad hasta el \u00faltimo rinc\u00f3n del Estado.<\/p>\n<p>Resalt\u00f3 que este mes de julio se conmemoran fechas hist\u00f3ricas e importantes como el D\u00eda Mundial de la Poblaci\u00f3n, una fecha designada para reflexionar sobre las condiciones necesarias hacia un futuro resiliente para una poblaci\u00f3n mundial de m\u00e1s de 8 mil millones de habitantes de acuerdo con la ONU.<\/p>\n<p>Record\u00f3, que durante este mes, en 1859, durante la segunda gran transformaci\u00f3n de M\u00e9xico, el Presidente Benito Ju\u00e1rez Garc\u00eda anunciaba las Leyes de Reforma que ayudaron al pa\u00eds avanzar contra el conservadurismo, adem\u00e1s destac\u00f3 que el 3 de julio de 1955, por primera vez la mujer mexicana emiti\u00f3 su voto en una elecci\u00f3n federal y desde hace ya 67 a\u00f1os las mujeres han avanzado hasta alcanzar espacios importantes, diputaciones, senadur\u00edas, presidencias municipales y gubernaturas.<\/p>\n<p>Durante la ceremonia c\u00edvica, ni\u00f1as y ni\u00f1os de la Escuela Primaria Biling\u00fce &#8220;Conetcalli&#8221; interpretaron en N\u00e1huatl la canci\u00f3n &#8220;El elefante&#8221; como parte del programa oficial, donde la gobernadora junto con los titulares del Poder Legislativo y Judicial, realizaron el izamiento de la Bandera Monumental en la explanada de la sede del Poder Ejecutivo en Guerrero.<\/p>\n<p>Asistieron el comandante de la Octava Regi\u00f3n Naval, Julio C\u00e9sar Pescina \u00c1vila; la diputada y presidenta de la Mesa Directiva del Congreso del Estado, Flor A\u00f1orve Ocampo; el Presidente del Tribunal Superior de Justicia, Raymundo Casarrubias V\u00e1zquez; el comandante de la 35 zona Militar, Enrique Mart\u00ednez L\u00f3pez; el Coordinador Estatal de la Guardia Nacional, Marcos Burgos Legorreta.<\/p>\n<p>As\u00ed como el secretario general de Gobierno, Ludwig Marcial Reynoso N\u00fa\u00f1ez; la alcaldesa de Chilpancingo, Norma Otilia Hern\u00e1ndez Mart\u00ednez; el jefe de la Oficina de la Gobernadora, Jes\u00fas Eugenio Uri\u00f3stegui Garc\u00eda; el delegado federal de Programadas Sociales del Bienestar en Guerrero, Iv\u00e1n Hern\u00e1ndez D\u00edaz y la secretaria T\u00e9cnica del Consejo Estatal de Poblaci\u00f3n, Mar\u00eda de los \u00c1ngeles Santiago Dionicio, entre otros.<\/p>\n","protected":false},"excerpt":{"rendered":"<p>Consolida Evelyn Salgado las bases de la 4ta Transformaci\u00f3n en Guerrero. *&#8221;No hay duda, vamos por el camino correcto. A la madre de todos los males, la corrupci\u00f3n, hay que &hellip; <a href=\"https:\/\/unoticias.com.mx\/index.php\/2022\/07\/11\/consolida-evelyn-salgado-las-bases-de-la-4ta-transformacion-en-guerrero\/\" class=\"more-link\">Leer m\u00e1s<\/a><\/p>\n","protected":false},"author":1,"featured_media":13746,"comment_status":"open","ping_status":"open","sticky":false,"template":"","format":"standard","meta":{"spay_email":"","footnotes":"","jetpack_publicize_message":"","jetpack_is_tweetstorm":false,"jetpack_publicize_feature_enabled":true},"categories":[15],"tags":[],"class_list":["post-13745","post","type-post","status-publish","format-standard","has-post-thumbnail","hentry","category-local-news","entry"],"jetpack_featured_media_url":"https:\/\/unoticias.com.mx\/wp-content\/uploads\/2022\/07\/IMG-20220711-WA0069.jpg","jetpack_publicize_connections":[],"jetpack_sharing_enabled":true,"jetpack_likes_enabled":true,"_links":{"self":[{"href":"https:\/\/unoticias.com.mx\/index.php\/wp-json\/wp\/v2\/posts\/13745","targetHints":{"allow":["GET"]}}],"collection":[{"href":"https:\/\/unoticias.com.mx\/index.php\/wp-json\/wp\/v2\/posts"}],"about":[{"href":"https:\/\/unoticias.com.mx\/index.php\/wp-json\/wp\/v2\/types\/post"}],"author":[{"embeddable":true,"href":"https:\/\/unoticias.com.mx\/index.php\/wp-json\/wp\/v2\/users\/1"}],"replies":[{"embeddable":true,"href":"https:\/\/unoticias.com.mx\/index.php\/wp-json\/wp\/v2\/comments?post=13745"}],"version-history":[{"count":1,"href":"https:\/\/unoticias.com.mx\/index.php\/wp-json\/wp\/v2\/posts\/13745\/revisions"}],"predecessor-version":[{"id":13747,"href":"https:\/\/unoticias.com.mx\/index.php\/wp-json\/wp\/v2\/posts\/13745\/revisions\/13747"}],"wp:featuredmedia":[{"embeddable":true,"href":"https:\/\/unoticias.com.mx\/index.php\/wp-json\/wp\/v2\/media\/13746"}],"wp:attachment":[{"href":"https:\/\/unoticias.com.mx\/index.php\/wp-json\/wp\/v2\/media?parent=13745"}],"wp:term":[{"taxonomy":"category","embeddable":true,"href":"https:\/\/unoticias.com.mx\/index.php\/wp-json\/wp\/v2\/categories?post=13745"},{"taxonomy":"post_tag","embeddable":true,"href":"https:\/\/unoticias.com.mx\/index.php\/wp-json\/wp\/v2\/tags?post=13745"}],"curies":[{"name":"wp","href":"https:\/\/api.w.org\/{rel}","templated":true}]}}