{"id":13799,"date":"2022-07-15T00:31:27","date_gmt":"2022-07-15T00:31:27","guid":{"rendered":"https:\/\/unoticias.com.mx\/?p=13799"},"modified":"2022-07-15T00:31:27","modified_gmt":"2022-07-15T00:31:27","slug":"la-educacion-es-la-puerta-que-abre-todas-las-oportunidades-que-se-nos-puedan-presentar-en-nuestra-vida-sara-salinas-bravo","status":"publish","type":"post","link":"https:\/\/unoticias.com.mx\/index.php\/2022\/07\/15\/la-educacion-es-la-puerta-que-abre-todas-las-oportunidades-que-se-nos-puedan-presentar-en-nuestra-vida-sara-salinas-bravo\/","title":{"rendered":"\u201cLa educaci\u00f3n es la puerta que abre todas las oportunidades que se nos puedan presentar en nuestra vida\u201d: Sara Salinas Bravo."},"content":{"rendered":"<p>\u201cLa educaci\u00f3n es la puerta que abre todas las oportunidades que se nos puedan presentar en nuestra vida\u201d: Sara Salinas Bravo.<\/p>\n<p>Eduardo Neri, Gro., La Presidenta Municipal Sara Salinas Bravo, asisti\u00f3 a la ceremonia de clausura de fin de cursos como madrina de generaci\u00f3n en la Telesecundaria \u201cLeona Vicario\u201d de la cabecera municipal de Eduardo Neri.<\/p>\n<p>La alcaldesa y madrina de generaci\u00f3n, felicit\u00f3 y reconoci\u00f3 a sus 33 ahijados su logro por haber concluido una etapa m\u00e1s en su vida, les invit\u00f3 a que contin\u00faen con su sue\u00f1os, que contin\u00faen con su bachillerato y posterior con su licenciatura.<\/p>\n<p>\u201cEs importante que sepan que todo sacrificio y desvelos tiene su recompensa y la recompensa es que ser\u00e1n hombres y mujeres dedicados con valores y de \u00e9xito\u201d, expres\u00f3, la madrina de generaci\u00f3n.<\/p>\n<p>Recalcando la importancia que tienen los padres de familia por su gran sacrificio, su esfuerzo y su apoyo para que sus hijos tengan la oportunidad de estudiar.<\/p>\n<p>La Presidenta, reiter\u00f3 su reconocimiento a maestros, maestras y la planta docente por su ardua labor que desempe\u00f1an en la formaci\u00f3n acad\u00e9mica de las y los estudiantes, as\u00ed tambi\u00e9n al Director de la Telesecundaria por ser un excelente gestor, por ser un maestro preocupado por la Educaci\u00f3n del municipio.<\/p>\n<p>En el presidium de honor, estuvieron presentes la Lic. Saira Arlyn \u00c1lvarez Caba\u00f1as, qui\u00e9n llev\u00f3 su nombre de esta generaci\u00f3n 2019-2022, el Director de la Telesecundaria, Profr. Antonio Lino Catal\u00e1n, el Director de la Telesecundaria Ignacio Manuel Altamirano de Papalotepec, Prof. Luis Medina Tavira, el Supervisor de la Zona Escolar, V\u00edctor Mu\u00f1oz Basilio, la Directora de Educaci\u00f3n, Elizabet Mar\u00edn Garc\u00eda, la Directora General de Administraci\u00f3n y Finanzas, Gabriela Bernal Deloya, la Jefa de Apoyo a Instituciones Educativas, Adrinana Parra Mart\u00ednez, as\u00ed como tambi\u00e9n personalidades educativas.<\/p>\n<p>#UnGobiernoParaTodos<\/p>\n","protected":false},"excerpt":{"rendered":"<p>\u201cLa educaci\u00f3n es la puerta que abre todas las oportunidades que se nos puedan presentar en nuestra vida\u201d: Sara Salinas Bravo. Eduardo Neri, Gro., La Presidenta Municipal Sara Salinas Bravo, &hellip; <a href=\"https:\/\/unoticias.com.mx\/index.php\/2022\/07\/15\/la-educacion-es-la-puerta-que-abre-todas-las-oportunidades-que-se-nos-puedan-presentar-en-nuestra-vida-sara-salinas-bravo\/\" class=\"more-link\">Leer m\u00e1s<\/a><\/p>\n","protected":false},"author":1,"featured_media":13800,"comment_status":"open","ping_status":"open","sticky":false,"template":"","format":"standard","meta":{"spay_email":"","footnotes":"","jetpack_publicize_message":"","jetpack_is_tweetstorm":false,"jetpack_publicize_feature_enabled":true},"categories":[15],"tags":[],"class_list":["post-13799","post","type-post","status-publish","format-standard","has-post-thumbnail","hentry","category-local-news","entry"],"jetpack_featured_media_url":"https:\/\/unoticias.com.mx\/wp-content\/uploads\/2022\/07\/IMG-20220714-WA0114.jpg","jetpack_publicize_connections":[],"jetpack_sharing_enabled":true,"jetpack_likes_enabled":true,"_links":{"self":[{"href":"https:\/\/unoticias.com.mx\/index.php\/wp-json\/wp\/v2\/posts\/13799","targetHints":{"allow":["GET"]}}],"collection":[{"href":"https:\/\/unoticias.com.mx\/index.php\/wp-json\/wp\/v2\/posts"}],"about":[{"href":"https:\/\/unoticias.com.mx\/index.php\/wp-json\/wp\/v2\/types\/post"}],"author":[{"embeddable":true,"href":"https:\/\/unoticias.com.mx\/index.php\/wp-json\/wp\/v2\/users\/1"}],"replies":[{"embeddable":true,"href":"https:\/\/unoticias.com.mx\/index.php\/wp-json\/wp\/v2\/comments?post=13799"}],"version-history":[{"count":1,"href":"https:\/\/unoticias.com.mx\/index.php\/wp-json\/wp\/v2\/posts\/13799\/revisions"}],"predecessor-version":[{"id":13801,"href":"https:\/\/unoticias.com.mx\/index.php\/wp-json\/wp\/v2\/posts\/13799\/revisions\/13801"}],"wp:featuredmedia":[{"embeddable":true,"href":"https:\/\/unoticias.com.mx\/index.php\/wp-json\/wp\/v2\/media\/13800"}],"wp:attachment":[{"href":"https:\/\/unoticias.com.mx\/index.php\/wp-json\/wp\/v2\/media?parent=13799"}],"wp:term":[{"taxonomy":"category","embeddable":true,"href":"https:\/\/unoticias.com.mx\/index.php\/wp-json\/wp\/v2\/categories?post=13799"},{"taxonomy":"post_tag","embeddable":true,"href":"https:\/\/unoticias.com.mx\/index.php\/wp-json\/wp\/v2\/tags?post=13799"}],"curies":[{"name":"wp","href":"https:\/\/api.w.org\/{rel}","templated":true}]}}