{"id":13819,"date":"2022-07-15T21:30:03","date_gmt":"2022-07-15T21:30:03","guid":{"rendered":"https:\/\/unoticias.com.mx\/?p=13819"},"modified":"2022-07-15T21:30:03","modified_gmt":"2022-07-15T21:30:03","slug":"quienes-esten-en-celulas-delictivas-se-atendran-a-las-consecuenciasbpv","status":"publish","type":"post","link":"https:\/\/unoticias.com.mx\/index.php\/2022\/07\/15\/quienes-esten-en-celulas-delictivas-se-atendran-a-las-consecuenciasbpv\/","title":{"rendered":"\u00a0\u201cQuienes est\u00e9n en c\u00e9lulas delictivas, se atendr\u00e1n a las consecuencias\u201d:BPV."},"content":{"rendered":"<p>\u201cQuienes est\u00e9n en c\u00e9lulas delictivas, se atendr\u00e1n a las consecuencias\u201d:BPV.<\/p>\n<p>*Recalc\u00f3: \u201cPara nosotros no hay abrazos ni balazos, aqu\u00ed el que la deba que la pague\u201d, dijo acerca del proceso de depuraci\u00f3n de sus filas<\/p>\n<p>*\u201cQuienes se metan a eso ya saben la consecuencia, al lado que se quieran ir; desgraciadamente para nosotros, no hay camino de que se le perdone, si ya saben en lo que se metieron que se atengan a las consecuencias\u201d, reiter\u00f3<\/p>\n<p>*Reconoci\u00f3 que \u00e9l cuenta con una orden de aprehensi\u00f3n por robo de 30 millones de pesos, desde la \u00e9poca de gobierno de \u00c1ngel Aguirre Rivero, por la cual est\u00e1 amparado<\/p>\n<p>BALTAZAR JIM\u00c9NEZ ROSALES<\/p>\n<p>Tras aclarar que la Uni\u00f3n de Pueblos y Organizaciones del Estado de Guerrero (UPOEG) siempre le ha apostado al di\u00e1logo con el gobierno del estado, el dirigente de esta organizaci\u00f3n, Bruno Pl\u00e1cido Valerio, acus\u00f3; sin embargo que han sido \u201clos intereses del estado\u201d los que no lo han permitido en un amplio criterio.<br \/>\nAcus\u00f3 asimismo que la acusaci\u00f3n del gobierno federal acerca de que la UPOEG est\u00e1 infiltrada por grupos delincuenciales, fue hecha m\u00e1s por el impacto medi\u00e1tico, porque es un problema generalizado \u201cen todas las instituciones\u201d, aunque reconoci\u00f3 que la Uni\u00f3n de Pueblos s\u00ed entrar\u00e1 a un proceso de depuraci\u00f3n, en lo cual adelant\u00f3 que quienes decidan quedar fuera se tendr\u00e1n que atener a las consecuencias si determinan tomar el camino de formar c\u00e9lulas delictivas.<br \/>\n\u201cQuienes se metan a eso ya saben la consecuencia, al lado que se quieran ir; desgraciadamente para nosotros, no hay camino de que se le perdone, si ya saben en lo que se metieron que se atengan a las consecuencias. Para nosotros queda claro, para nosotros no hay abrazos ni balazos, aqu\u00ed el que la deba que la pague\u201d, se\u00f1al\u00f3.<\/p>\n<p>Condiciones<\/p>\n<p>Sin embargo, para que la UPOEG entre a un proceso de depuraci\u00f3n Pl\u00e1cido Valerio puso como condici\u00f3n que se haga una investigaci\u00f3n profunda. Y es que para el l\u00edder comunitario, la Fiscal\u00eda de Justicia del Estado no tiene capacidad para llevarla a cabo de manera profesional debido al c\u00famulo de trabajo que tiene por el n\u00famero elevado de asesinatos y de delitos que a diario se cometen en la entidad.<br \/>\nEn este sentido, dijo que muchas de las carpetas de investigaci\u00f3n iniciadas en contra de miembros de su organizaci\u00f3n se integran m\u00e1s por dolo que por una investigaci\u00f3n profunda.<br \/>\n\u201cEjemplo, en Ayutla, unos compa\u00f1eros tienen orden de aprehensi\u00f3n por secuestro, porque detuvieron a un tal Pedro V\u00e9lez, de un robo de ganado, en abigeo. \u00c9l rob\u00f3 pero pag\u00f3 el dinero a los due\u00f1os del ganado, y con esa propuesta va \u00e9l a la fiscal\u00eda y nos impuso una demanda por secuestro\u201d, coment\u00f3.<br \/>\nY a\u00f1adi\u00f3: \u201cPor eso a nosotros quisi\u00e9ramos que nos detuvieran para que la Fiscal\u00eda nos haga la reparaci\u00f3n moral del da\u00f1o que nos ha hecho a cada persona que nos ha integrado averiguaciones, porque no hay una investigaci\u00f3n real, es con dolo\u201d, dijo.<br \/>\nReconoci\u00f3 que cuenta con una orden de aprehensi\u00f3n por robo de 30 millones de pesos que se liber\u00f3 desde la \u00e9poca de gobierno de \u00c1ngel Aguirre Rivero, por la cual est\u00e1 amparado, pero adem\u00e1s reprob\u00f3 que la Fiscal\u00eda, por cuestiones pol\u00edticas, insista en perseguir \u201ccomo una forma de controlarte\u201d.<br \/>\nExplico que una vez que se haya realizado la credencializaci\u00f3n de los integrantes de la UPOEG, la base de datos ser\u00e1 entregada a las autoridades para que \u201cest\u00e9n enterados donde est\u00e1n ubicados, eso es lo que se va a hacer, dijo.<br \/>\nAclar\u00f3 asimismo que la UPOEG siempre ha dialogado; sin embargo, reiter\u00f3 que \u201chay intereses que siempre han buscado la confrontaci\u00f3n, porque hay partes del estado que s\u00ed busca el di\u00e1logo, pero otras zonas en las que les conviene el conflicto, porque de esta forma ganan.<br \/>\nEn este sentido, indic\u00f3 que desde que esta organizaci\u00f3n surgi\u00f3, al separarse \u00e9l de la Coordinadora Regional de Autoridades Comunitarias (CRAC), siempre ha sufrido de hostigamiento de todas las fuerzas policiacas as\u00ed como del mismo Ej\u00e9rcito Mexicano y de la Marina, por lo que \u201csiempre hemos estado manifest\u00e1ndonos para hacernos respetar\u201d.<br \/>\nAcerca de las acusaciones que hizo el subsecretario de Seguridad P\u00fablica del Gobierno de la Rep\u00fablica, Ricardo Mej\u00eda Berdeja acerca de que la UPOEG est\u00e1 infiltrada por el crimen organizado, Pl\u00e1cido Valerio enfatiz\u00f3 que el asunto de \u201clos infiltrados no es un problema de la UPOEG, sino que es un problema generalizado en las propias instituciones\u201d.<br \/>\nAfirm\u00f3 adem\u00e1s que las declaraciones de Mej\u00eda Berdeja fueron m\u00e1s con una intenci\u00f3n medi\u00e1tica con el fin de desarticular a la UPOEG.<\/p>\n","protected":false},"excerpt":{"rendered":"<p>\u201cQuienes est\u00e9n en c\u00e9lulas delictivas, se atendr\u00e1n a las consecuencias\u201d:BPV. *Recalc\u00f3: \u201cPara nosotros no hay abrazos ni balazos, aqu\u00ed el que la deba que la pague\u201d, dijo acerca del proceso &hellip; <a href=\"https:\/\/unoticias.com.mx\/index.php\/2022\/07\/15\/quienes-esten-en-celulas-delictivas-se-atendran-a-las-consecuenciasbpv\/\" class=\"more-link\">Leer m\u00e1s<\/a><\/p>\n","protected":false},"author":1,"featured_media":13820,"comment_status":"open","ping_status":"open","sticky":false,"template":"","format":"standard","meta":{"spay_email":"","footnotes":"","jetpack_publicize_message":"","jetpack_is_tweetstorm":false,"jetpack_publicize_feature_enabled":true},"categories":[15],"tags":[],"class_list":["post-13819","post","type-post","status-publish","format-standard","has-post-thumbnail","hentry","category-local-news","entry"],"jetpack_featured_media_url":"https:\/\/unoticias.com.mx\/wp-content\/uploads\/2022\/07\/FB_IMG_1657920491081.jpg","jetpack_publicize_connections":[],"jetpack_sharing_enabled":true,"jetpack_likes_enabled":true,"_links":{"self":[{"href":"https:\/\/unoticias.com.mx\/index.php\/wp-json\/wp\/v2\/posts\/13819","targetHints":{"allow":["GET"]}}],"collection":[{"href":"https:\/\/unoticias.com.mx\/index.php\/wp-json\/wp\/v2\/posts"}],"about":[{"href":"https:\/\/unoticias.com.mx\/index.php\/wp-json\/wp\/v2\/types\/post"}],"author":[{"embeddable":true,"href":"https:\/\/unoticias.com.mx\/index.php\/wp-json\/wp\/v2\/users\/1"}],"replies":[{"embeddable":true,"href":"https:\/\/unoticias.com.mx\/index.php\/wp-json\/wp\/v2\/comments?post=13819"}],"version-history":[{"count":1,"href":"https:\/\/unoticias.com.mx\/index.php\/wp-json\/wp\/v2\/posts\/13819\/revisions"}],"predecessor-version":[{"id":13821,"href":"https:\/\/unoticias.com.mx\/index.php\/wp-json\/wp\/v2\/posts\/13819\/revisions\/13821"}],"wp:featuredmedia":[{"embeddable":true,"href":"https:\/\/unoticias.com.mx\/index.php\/wp-json\/wp\/v2\/media\/13820"}],"wp:attachment":[{"href":"https:\/\/unoticias.com.mx\/index.php\/wp-json\/wp\/v2\/media?parent=13819"}],"wp:term":[{"taxonomy":"category","embeddable":true,"href":"https:\/\/unoticias.com.mx\/index.php\/wp-json\/wp\/v2\/categories?post=13819"},{"taxonomy":"post_tag","embeddable":true,"href":"https:\/\/unoticias.com.mx\/index.php\/wp-json\/wp\/v2\/tags?post=13819"}],"curies":[{"name":"wp","href":"https:\/\/api.w.org\/{rel}","templated":true}]}}