{"id":14140,"date":"2022-08-17T21:36:19","date_gmt":"2022-08-17T21:36:19","guid":{"rendered":"https:\/\/unoticias.com.mx\/?p=14140"},"modified":"2022-08-17T21:36:19","modified_gmt":"2022-08-17T21:36:19","slug":"baja-el-cartel-de-la-sierra-el-precio-de-la-masa-y-tortilla-en-iguala","status":"publish","type":"post","link":"https:\/\/unoticias.com.mx\/index.php\/2022\/08\/17\/baja-el-cartel-de-la-sierra-el-precio-de-la-masa-y-tortilla-en-iguala\/","title":{"rendered":"Baja el \u00abCartel de la Sierra\u00bb el precio de la masa y tortilla en Iguala"},"content":{"rendered":"<p>Baja el \u00abCartel de la Sierra\u00bb el precio de la masa y tortilla en Iguala<\/p>\n<p>IGUALA, GRO.<br \/>\nIntegrantes del Cartel de la Sierra impusieron un descuento en el precio de la tortilla en Iguala, a trav\u00e9s de cartulinas que fueron dejadas en varios locales desde el lunes.<\/p>\n<p>En redes sociales fueron compartidas las fotograf\u00edas en las que se observan las cartulinas afuera de las tortiller\u00edas con los nuevos precios de tortilla, masa y un costo especial a taqueros, las cuales fueron firmadas por \u00abLa Sierra\u00bb.<\/p>\n<p>El kilo de tortilla baj\u00f3 a 21 pesos, el de la masa a 12 pesos, y el pecio especial a taqueros a 19 pesos. La disminuci\u00f3n fue de un promedio de 2 pesos.<\/p>\n<p>Seg\u00fan se observa en las cartulinas, el Cartel de la Sierra se\u00f1al\u00f3 que la disminuci\u00f3n es en apoyo a las familias igualtecas.<\/p>\n<p>En la tortiller\u00eda \u00abLa Guadalupana\u00bb colocaron sus propios anuncios de descuento a partir del 15 de agosto, los cuales aparecen a un costado de la cartulina dejada por el grupo delictivo.<\/p>\n<p>No es la primera vez que el Cartel de la Sierra fija precios en Iguala. El 11 de octubre del a\u00f1o pasado impusieron un descuento en la tortilla y en la masa de 3 pesos, bajando de 26 a 23 pesos y de 15 a 12 pesos, respectivamente.<\/p>\n<p>Tambi\u00e9n anunciaron la eliminaci\u00f3n de supuestas extorsiones en rastro de 300 pesos por cada animal que era ingresado.<\/p>\n","protected":false},"excerpt":{"rendered":"<p>Baja el \u00abCartel de la Sierra\u00bb el precio de la masa y tortilla en Iguala IGUALA, GRO. Integrantes del Cartel de la Sierra impusieron un descuento en el precio de &hellip; <a href=\"https:\/\/unoticias.com.mx\/index.php\/2022\/08\/17\/baja-el-cartel-de-la-sierra-el-precio-de-la-masa-y-tortilla-en-iguala\/\" class=\"more-link\">Leer m\u00e1s<\/a><\/p>\n","protected":false},"author":1,"featured_media":14141,"comment_status":"open","ping_status":"open","sticky":false,"template":"","format":"standard","meta":{"spay_email":"","footnotes":"","jetpack_publicize_message":"","jetpack_is_tweetstorm":false,"jetpack_publicize_feature_enabled":true},"categories":[15],"tags":[],"class_list":["post-14140","post","type-post","status-publish","format-standard","has-post-thumbnail","hentry","category-local-news","entry"],"jetpack_featured_media_url":"https:\/\/unoticias.com.mx\/wp-content\/uploads\/2022\/08\/FB_IMG_1660772094036.jpg","jetpack_publicize_connections":[],"jetpack_sharing_enabled":true,"jetpack_likes_enabled":true,"_links":{"self":[{"href":"https:\/\/unoticias.com.mx\/index.php\/wp-json\/wp\/v2\/posts\/14140","targetHints":{"allow":["GET"]}}],"collection":[{"href":"https:\/\/unoticias.com.mx\/index.php\/wp-json\/wp\/v2\/posts"}],"about":[{"href":"https:\/\/unoticias.com.mx\/index.php\/wp-json\/wp\/v2\/types\/post"}],"author":[{"embeddable":true,"href":"https:\/\/unoticias.com.mx\/index.php\/wp-json\/wp\/v2\/users\/1"}],"replies":[{"embeddable":true,"href":"https:\/\/unoticias.com.mx\/index.php\/wp-json\/wp\/v2\/comments?post=14140"}],"version-history":[{"count":1,"href":"https:\/\/unoticias.com.mx\/index.php\/wp-json\/wp\/v2\/posts\/14140\/revisions"}],"predecessor-version":[{"id":14142,"href":"https:\/\/unoticias.com.mx\/index.php\/wp-json\/wp\/v2\/posts\/14140\/revisions\/14142"}],"wp:featuredmedia":[{"embeddable":true,"href":"https:\/\/unoticias.com.mx\/index.php\/wp-json\/wp\/v2\/media\/14141"}],"wp:attachment":[{"href":"https:\/\/unoticias.com.mx\/index.php\/wp-json\/wp\/v2\/media?parent=14140"}],"wp:term":[{"taxonomy":"category","embeddable":true,"href":"https:\/\/unoticias.com.mx\/index.php\/wp-json\/wp\/v2\/categories?post=14140"},{"taxonomy":"post_tag","embeddable":true,"href":"https:\/\/unoticias.com.mx\/index.php\/wp-json\/wp\/v2\/tags?post=14140"}],"curies":[{"name":"wp","href":"https:\/\/api.w.org\/{rel}","templated":true}]}}