{"id":14148,"date":"2022-08-18T13:55:53","date_gmt":"2022-08-18T13:55:53","guid":{"rendered":"https:\/\/unoticias.com.mx\/?p=14148"},"modified":"2022-08-18T13:55:53","modified_gmt":"2022-08-18T13:55:53","slug":"no-es-violencia-politica-de-genero-la-critica-a-mujeres-por-su-desempeno-en-la-funcion-publica-gbr","status":"publish","type":"post","link":"https:\/\/unoticias.com.mx\/index.php\/2022\/08\/18\/no-es-violencia-politica-de-genero-la-critica-a-mujeres-por-su-desempeno-en-la-funcion-publica-gbr\/","title":{"rendered":"&#8220;No es violencia pol\u00edtica de g\u00e9nero la cr\u00edtica a mujeres por su desempe\u00f1o en la funci\u00f3n p\u00fablica&#8221;: GBR."},"content":{"rendered":"<p>&#8220;No es violencia pol\u00edtica de g\u00e9nero la cr\u00edtica a mujeres por su desempe\u00f1o en la funci\u00f3n p\u00fablica&#8221;: GBR.<\/p>\n<p>Escribe: Marcial Campuzano<\/p>\n<p>La presidenta de la Comisi\u00f3n para la Igualdad de G\u00e9nero del Congreso local Gaby Bernal Res\u00e9ndiz, aclar\u00f3 que las cr\u00edticas period\u00edsticas hechas a mujeres que ostentan cargos en la funci\u00f3n p\u00fablica por designaci\u00f3n o de elecci\u00f3n popular, no deben ser consideradas como violencia pol\u00edtica.<\/p>\n<p>Adem\u00e1s, la legisladora pri\u00edsta culp\u00f3 a los 6 diputados que integran la Junta de Coordinaci\u00f3n Pol\u00edtica (Jucopo) de la 63 Legislatura local, de que la Auditor\u00eda Superior del Estado (ASE) no tenga titular formal a m\u00e1s de un a\u00f1o de haber concluido su periodo el anterior auditor Alfonso Dami\u00e1n Peralta.<\/p>\n<p>En la funci\u00f3n p\u00fablica hay mujeres que se han quejado e incluso amenazado, con presentar denuncias por presunta violencia pol\u00edtica de g\u00e9nero contra comunicadores que han criticado sus actuaciones, entre las que se encuentra la presidenta municipal de Chilpancingo Norma Otilia Hern\u00e1ndez Mart\u00ednez.<\/p>\n<p>Una cr\u00edtica period\u00edstica que d\u00e9 cuenta que una diputada no est\u00e1 cumpliendo con su funci\u00f3n, no puede ser considerada como violencia pol\u00edtica, \u201cpero s\u00ed ser\u00eda violencia pol\u00edtica que en mi calidad de mujer los medios de comunicaci\u00f3n me estuvieran atacando\u201d, pero no debe considerarse como tal si las cr\u00edticas son por el ejercicio de sus actividades como servidora en la funci\u00f3n p\u00fablica, explic\u00f3.<\/p>\n<p>\u00bfEsto quiere decir que la presidenta municipal de Chilpancingo no puede aducir que es v\u00edctima de violencia pol\u00edtica?<\/p>\n<p>&#8211;Ella tendr\u00eda que comprobar que sea en raz\u00f3n de que es mujer por lo cual se le est\u00e1 atacando, no por el ejercicio de su gobierno.<\/p>\n<p>Gabriela Bernal aclar\u00f3 que en Guerrero no se ha legislado en materia de violencia pol\u00edtica de g\u00e9nero, pero que existe una legislaci\u00f3n federal en esa materia en la que se apoyan las instancias jurisdiccionales cuando emiten sentencias.<\/p>\n<p>Ante esta situaci\u00f3n, todas las diputadas tienen el firme compromiso de que en cuanto inicie el segundo a\u00f1o de ejercicio constitucional, la 63 Legislatura avance en ese tema para que Guerrero cuente con una ley propia en materia de violencia pol\u00edtica de g\u00e9nero, indic\u00f3.<\/p>\n<p>No comparti\u00f3 la postura de quienes vinculan las actividades p\u00fablicas que realizan como servidoras p\u00fablicas con violencia pol\u00edtica cuando son criticadas. Insisti\u00f3 en que la violencia pol\u00edtica ocurre cuando los ataques son por el simple hecho de ser mujeres.<\/p>\n<p>Comparti\u00f3 que hombres y mujeres que participan en actividades pol\u00edticas est\u00e1n sujetos a las cr\u00edticas. \u201cSi no hago mi trabajo como legisladora me pueden criticar y no puedo acusarlos de violencia pol\u00edtica\u201d, expuso.<\/p>\n<p>En otro tema Gabriela Bernal quien es secretaria de la Comisi\u00f3n de Evaluaci\u00f3n y Vigilancia de la Auditor\u00eda Superior del Estado, se\u00f1al\u00f3 que la fracci\u00f3n pri\u00edsta ha hecho p\u00fablico que es necesaria la designaci\u00f3n del titular o de la titular del \u00f3rgano de fiscalizaci\u00f3n del Congreso del estado.<\/p>\n<p>\u201cQueremos que se avance en ese tema, queremos que salga de esta ilegalidad hist\u00f3rica en la que se enfrasc\u00f3 la Auditor\u00eda Superior del Estado\u201d, indic\u00f3. Record\u00f3 que los diputados que integran la comisi\u00f3n han levantado la voz, han hecho exhortos, \u201chemos hecho todo lo que nos corresponde\u201d para que haya un titular formal en la ASE.<\/p>\n<p>La diputada no comparti\u00f3 lo dicho por el presidente de la Junta de Coordinaci\u00f3n Pol\u00edtica del Congreso Alfredo S\u00e1nchez Esquivel, en el sentido de que habr\u00e1 una nueva convocatoria para designar al fiscal, \u201cporque en el Congreso las decisiones no son unilaterales, somos 23 diputadas y 23 diputados\u201d, y culp\u00f3 a la Jucopo de que en Guerrero no haya titular en el \u00f3rgano de fiscalizaci\u00f3n del Poder Legislativo.<\/p>\n","protected":false},"excerpt":{"rendered":"<p>&#8220;No es violencia pol\u00edtica de g\u00e9nero la cr\u00edtica a mujeres por su desempe\u00f1o en la funci\u00f3n p\u00fablica&#8221;: GBR. Escribe: Marcial Campuzano La presidenta de la Comisi\u00f3n para la Igualdad de &hellip; <a href=\"https:\/\/unoticias.com.mx\/index.php\/2022\/08\/18\/no-es-violencia-politica-de-genero-la-critica-a-mujeres-por-su-desempeno-en-la-funcion-publica-gbr\/\" class=\"more-link\">Leer m\u00e1s<\/a><\/p>\n","protected":false},"author":1,"featured_media":14149,"comment_status":"open","ping_status":"open","sticky":false,"template":"","format":"standard","meta":{"spay_email":"","footnotes":"","jetpack_publicize_message":"","jetpack_is_tweetstorm":false,"jetpack_publicize_feature_enabled":true},"categories":[3],"tags":[],"class_list":["post-14148","post","type-post","status-publish","format-standard","has-post-thumbnail","hentry","category-africa","entry"],"jetpack_featured_media_url":"https:\/\/unoticias.com.mx\/wp-content\/uploads\/2022\/08\/FB_IMG_1660830805155.jpg","jetpack_publicize_connections":[],"jetpack_sharing_enabled":true,"jetpack_likes_enabled":true,"_links":{"self":[{"href":"https:\/\/unoticias.com.mx\/index.php\/wp-json\/wp\/v2\/posts\/14148","targetHints":{"allow":["GET"]}}],"collection":[{"href":"https:\/\/unoticias.com.mx\/index.php\/wp-json\/wp\/v2\/posts"}],"about":[{"href":"https:\/\/unoticias.com.mx\/index.php\/wp-json\/wp\/v2\/types\/post"}],"author":[{"embeddable":true,"href":"https:\/\/unoticias.com.mx\/index.php\/wp-json\/wp\/v2\/users\/1"}],"replies":[{"embeddable":true,"href":"https:\/\/unoticias.com.mx\/index.php\/wp-json\/wp\/v2\/comments?post=14148"}],"version-history":[{"count":1,"href":"https:\/\/unoticias.com.mx\/index.php\/wp-json\/wp\/v2\/posts\/14148\/revisions"}],"predecessor-version":[{"id":14150,"href":"https:\/\/unoticias.com.mx\/index.php\/wp-json\/wp\/v2\/posts\/14148\/revisions\/14150"}],"wp:featuredmedia":[{"embeddable":true,"href":"https:\/\/unoticias.com.mx\/index.php\/wp-json\/wp\/v2\/media\/14149"}],"wp:attachment":[{"href":"https:\/\/unoticias.com.mx\/index.php\/wp-json\/wp\/v2\/media?parent=14148"}],"wp:term":[{"taxonomy":"category","embeddable":true,"href":"https:\/\/unoticias.com.mx\/index.php\/wp-json\/wp\/v2\/categories?post=14148"},{"taxonomy":"post_tag","embeddable":true,"href":"https:\/\/unoticias.com.mx\/index.php\/wp-json\/wp\/v2\/tags?post=14148"}],"curies":[{"name":"wp","href":"https:\/\/api.w.org\/{rel}","templated":true}]}}