{"id":14158,"date":"2022-08-19T01:08:42","date_gmt":"2022-08-19T01:08:42","guid":{"rendered":"https:\/\/unoticias.com.mx\/?p=14158"},"modified":"2022-08-19T01:08:42","modified_gmt":"2022-08-19T01:08:42","slug":"piden-a-comerciantes-evitar-ser-defraudados-con-espacios-en-feria-de-cholula","status":"publish","type":"post","link":"https:\/\/unoticias.com.mx\/index.php\/2022\/08\/19\/piden-a-comerciantes-evitar-ser-defraudados-con-espacios-en-feria-de-cholula\/","title":{"rendered":"Piden a comerciantes evitar ser defraudados con espacios en Feria de Cholula"},"content":{"rendered":"<p>Piden a comerciantes evitar ser defraudados con espacios en Feria de Cholula<\/p>\n<p>Por: Omar S\u00e1nchez<\/p>\n<p>San Pedro Cholula, Pue. El gobierno municipal que encabeza Paola Ang\u00f3n Silva llam\u00f3 a los comerciantes que deseen un espacio de venta en la Feria Regional de esta ciudad milenaria, a que no se dejen defraudar por sujetos desconocidos que buscan realizar cobros ilegales.<\/p>\n<p>As\u00ed lo dio a conocer el director de normatividad y regulaci\u00f3n comercial de la Comuna cholulteca, Aar\u00f3n Flores quien precis\u00f3 que una persona del estado de Hidalgo, comenz\u00f3 a rentar ilegalmente espacios en dos mil pesos para la Feria de San Pedro Cholula, la cual comenzar\u00e1 el 27 de agosto.<\/p>\n<p>\u201cAlgunos comerciantes se acercaron a preguntarnos si era cierto, de una persona que estaba pidiendo dos mil pesos, incluso les mandaba el mapa del domo, para que escogieran el lugar, pero esa persona est\u00e1 haciendo fraude, no se dejen enga\u00f1ar\u201d, dijo.<\/p>\n<p>En ese sentido, el funcionario municipal precis\u00f3 que hasta el momento m\u00e1s de 300 comerciantes han solicitado un espacio para esta festividad en honor a la Virgen de los Remedios, la cual record\u00f3 no fue concesionada a ninguna empresa privada o empresario.<\/p>\n<p>Por \u00faltimo, Aar\u00f3n Flores se\u00f1al\u00f3 que las autoridades correspondientes determinar\u00e1n las acciones correspondientes, por lo que inst\u00f3 a los interesados en un espacio comercial a acercarse directamente a la direcci\u00f3n de normatividad y regulaci\u00f3n comercial, ubicada en el palacio municipal de esta jurisdicci\u00f3n.<\/p>\n","protected":false},"excerpt":{"rendered":"<p>Piden a comerciantes evitar ser defraudados con espacios en Feria de Cholula Por: Omar S\u00e1nchez San Pedro Cholula, Pue. El gobierno municipal que encabeza Paola Ang\u00f3n Silva llam\u00f3 a los &hellip; <a href=\"https:\/\/unoticias.com.mx\/index.php\/2022\/08\/19\/piden-a-comerciantes-evitar-ser-defraudados-con-espacios-en-feria-de-cholula\/\" class=\"more-link\">Leer m\u00e1s<\/a><\/p>\n","protected":false},"author":1,"featured_media":14159,"comment_status":"open","ping_status":"open","sticky":false,"template":"","format":"standard","meta":{"spay_email":"","footnotes":"","jetpack_publicize_message":"","jetpack_is_tweetstorm":false,"jetpack_publicize_feature_enabled":true},"categories":[15],"tags":[],"class_list":["post-14158","post","type-post","status-publish","format-standard","has-post-thumbnail","hentry","category-local-news","entry"],"jetpack_featured_media_url":"https:\/\/unoticias.com.mx\/wp-content\/uploads\/2022\/08\/FB_IMG_1660871217658.jpg","jetpack_publicize_connections":[],"jetpack_sharing_enabled":true,"jetpack_likes_enabled":true,"_links":{"self":[{"href":"https:\/\/unoticias.com.mx\/index.php\/wp-json\/wp\/v2\/posts\/14158","targetHints":{"allow":["GET"]}}],"collection":[{"href":"https:\/\/unoticias.com.mx\/index.php\/wp-json\/wp\/v2\/posts"}],"about":[{"href":"https:\/\/unoticias.com.mx\/index.php\/wp-json\/wp\/v2\/types\/post"}],"author":[{"embeddable":true,"href":"https:\/\/unoticias.com.mx\/index.php\/wp-json\/wp\/v2\/users\/1"}],"replies":[{"embeddable":true,"href":"https:\/\/unoticias.com.mx\/index.php\/wp-json\/wp\/v2\/comments?post=14158"}],"version-history":[{"count":1,"href":"https:\/\/unoticias.com.mx\/index.php\/wp-json\/wp\/v2\/posts\/14158\/revisions"}],"predecessor-version":[{"id":14160,"href":"https:\/\/unoticias.com.mx\/index.php\/wp-json\/wp\/v2\/posts\/14158\/revisions\/14160"}],"wp:featuredmedia":[{"embeddable":true,"href":"https:\/\/unoticias.com.mx\/index.php\/wp-json\/wp\/v2\/media\/14159"}],"wp:attachment":[{"href":"https:\/\/unoticias.com.mx\/index.php\/wp-json\/wp\/v2\/media?parent=14158"}],"wp:term":[{"taxonomy":"category","embeddable":true,"href":"https:\/\/unoticias.com.mx\/index.php\/wp-json\/wp\/v2\/categories?post=14158"},{"taxonomy":"post_tag","embeddable":true,"href":"https:\/\/unoticias.com.mx\/index.php\/wp-json\/wp\/v2\/tags?post=14158"}],"curies":[{"name":"wp","href":"https:\/\/api.w.org\/{rel}","templated":true}]}}