{"id":14161,"date":"2022-08-19T02:26:10","date_gmt":"2022-08-19T02:26:10","guid":{"rendered":"https:\/\/unoticias.com.mx\/?p=14161"},"modified":"2022-08-19T02:26:10","modified_gmt":"2022-08-19T02:26:10","slug":"secuestro-mato-y-sepulto-a-su-victima-lo-detiene-la-policia-ministerial","status":"publish","type":"post","link":"https:\/\/unoticias.com.mx\/index.php\/2022\/08\/19\/secuestro-mato-y-sepulto-a-su-victima-lo-detiene-la-policia-ministerial\/","title":{"rendered":"Secuestro, mat\u00f3 y sepult\u00f3 a su v\u00edctima; lo detiene la Polic\u00eda Ministerial."},"content":{"rendered":"<p>Secuestro, mat\u00f3 y sepult\u00f3 a su v\u00edctima; lo detiene la Polic\u00eda Ministerial.<\/p>\n<p>Nogales, Ver.-Mediante un operativo de investigaci\u00f3n e inteligencia detectives de la Polic\u00eda Ministerial en coordinaci\u00f3n con la UECS, lograron la detenci\u00f3n de un hombre que presumiblemente priv\u00f3 de su libertad, mat\u00f3 y enterr\u00f3 a un trabajador de un Rancho propiedad de una reconocida familia del municipio de Camerino Z Mendoza, asentado en el Camino a la Localidad Palo Verde, de Nogales.<br \/>\nEl detenido de nombre: Fidel &#8220;N&#8221;, ya fue puesto a disposici\u00f3n de la Fiscal\u00eda Municipal de la Subunidad Integral de Procuraci\u00f3n de Justicia con sede en Nogales y enfrentar\u00e1 el presunto delito de secuestro y homicidio doloso calificado en agravio de Felipe de Jes\u00fas &#8220;N&#8221;.<br \/>\nSe conoce que el pasado 27 de junio del presente, Fidel &#8220;N&#8221;, someti\u00f3 y priv\u00f3 de su libertad al trabajador: Felipe de Jes\u00fas &#8220;N&#8221;, cuando se encontraba trabajando en el Rancho &#8220;Santa Teresa&#8221;.<br \/>\nEl presunto secuestrador en complicidad con otro hombre, pidi\u00f3 a la familia 1 mill\u00f3n de pesos a cambio de la liberta de Felipe de Jes\u00fas, pero su familia \u00fanicamente logr\u00f3 pagar la mitad.<br \/>\nEn venganza, el secuestrador mat\u00f3 y enterr\u00f3 a su v\u00edctima en un terreno bald\u00edo asentado en la Localidad Palo Verde, para posteriormente continuar con sus fechor\u00edas.<br \/>\nDebido a que los d\u00edas pasaron y Felipe de Jes\u00fas ya no regres\u00f3 a su casa, su familia interpuso una denuncia por su desaparici\u00f3n y solicit\u00f3 el apoyo de la Unidad Especializada en Combate al Secuestro, debido que contaban con pistas del supuesto secuestrador.<br \/>\nTras casi 45 d\u00edas de investigaci\u00f3n y trabajo de campo, los detectives ubicaron y detuvieron al presunto secuestrador y asesino, mismo que inmediatamente fue puesto a disposici\u00f3n de la Fiscal\u00eda de Nogales.<br \/>\nTras interrogarlo, el presunto secuestrador confes\u00f3 el crimen y dio la ubicaci\u00f3n del paradero del cuerpo de Felipe de Jes\u00fas, el cual fue exhumado \u00e9ste mi\u00e9rcoles y trasladado al Centro de Identificaci\u00f3n Gen\u00e9tica Forense de Nogales para los tr\u00e1mites correspondientes.<\/p>\n","protected":false},"excerpt":{"rendered":"<p>Secuestro, mat\u00f3 y sepult\u00f3 a su v\u00edctima; lo detiene la Polic\u00eda Ministerial. Nogales, Ver.-Mediante un operativo de investigaci\u00f3n e inteligencia detectives de la Polic\u00eda Ministerial en coordinaci\u00f3n con la UECS, &hellip; <a href=\"https:\/\/unoticias.com.mx\/index.php\/2022\/08\/19\/secuestro-mato-y-sepulto-a-su-victima-lo-detiene-la-policia-ministerial\/\" class=\"more-link\">Leer m\u00e1s<\/a><\/p>\n","protected":false},"author":1,"featured_media":14162,"comment_status":"open","ping_status":"open","sticky":false,"template":"","format":"standard","meta":{"spay_email":"","footnotes":"","jetpack_publicize_message":"","jetpack_is_tweetstorm":false,"jetpack_publicize_feature_enabled":true},"categories":[40],"tags":[],"class_list":["post-14161","post","type-post","status-publish","format-standard","has-post-thumbnail","hentry","category-nacional","entry"],"jetpack_featured_media_url":"https:\/\/unoticias.com.mx\/wp-content\/uploads\/2022\/08\/IMG-20220818-WA0124.jpg","jetpack_publicize_connections":[],"jetpack_sharing_enabled":true,"jetpack_likes_enabled":true,"_links":{"self":[{"href":"https:\/\/unoticias.com.mx\/index.php\/wp-json\/wp\/v2\/posts\/14161","targetHints":{"allow":["GET"]}}],"collection":[{"href":"https:\/\/unoticias.com.mx\/index.php\/wp-json\/wp\/v2\/posts"}],"about":[{"href":"https:\/\/unoticias.com.mx\/index.php\/wp-json\/wp\/v2\/types\/post"}],"author":[{"embeddable":true,"href":"https:\/\/unoticias.com.mx\/index.php\/wp-json\/wp\/v2\/users\/1"}],"replies":[{"embeddable":true,"href":"https:\/\/unoticias.com.mx\/index.php\/wp-json\/wp\/v2\/comments?post=14161"}],"version-history":[{"count":1,"href":"https:\/\/unoticias.com.mx\/index.php\/wp-json\/wp\/v2\/posts\/14161\/revisions"}],"predecessor-version":[{"id":14163,"href":"https:\/\/unoticias.com.mx\/index.php\/wp-json\/wp\/v2\/posts\/14161\/revisions\/14163"}],"wp:featuredmedia":[{"embeddable":true,"href":"https:\/\/unoticias.com.mx\/index.php\/wp-json\/wp\/v2\/media\/14162"}],"wp:attachment":[{"href":"https:\/\/unoticias.com.mx\/index.php\/wp-json\/wp\/v2\/media?parent=14161"}],"wp:term":[{"taxonomy":"category","embeddable":true,"href":"https:\/\/unoticias.com.mx\/index.php\/wp-json\/wp\/v2\/categories?post=14161"},{"taxonomy":"post_tag","embeddable":true,"href":"https:\/\/unoticias.com.mx\/index.php\/wp-json\/wp\/v2\/tags?post=14161"}],"curies":[{"name":"wp","href":"https:\/\/api.w.org\/{rel}","templated":true}]}}