{"id":14181,"date":"2022-08-20T01:41:42","date_gmt":"2022-08-20T01:41:42","guid":{"rendered":"https:\/\/unoticias.com.mx\/?p=14181"},"modified":"2022-08-20T01:41:42","modified_gmt":"2022-08-20T01:41:42","slug":"por-el-caso-ayotzinapa-la-fgr-detiene-a-jesus-murillo-karam","status":"publish","type":"post","link":"https:\/\/unoticias.com.mx\/index.php\/2022\/08\/20\/por-el-caso-ayotzinapa-la-fgr-detiene-a-jesus-murillo-karam\/","title":{"rendered":"Por el caso Ayotzinapa, la FGR detiene a Jes\u00fas Murillo Karam."},"content":{"rendered":"<p>Por el caso Ayotzinapa, la FGR detiene a Jes\u00fas Murillo Karam.<\/p>\n<p>* Cumplimentaron una orden de aprehensi\u00f3n en su contra por los delitos de desaparici\u00f3n forzada, tortura y contra la administraci\u00f3n de justicia en el caso Ayotzinapa.<\/p>\n<p>JOS\u00c9 ANTONIO BELMONT Y GASPAR VELA<br \/>\nCiudad de M\u00e9xico \/Grupo Milenio<\/p>\n<p>Jes\u00fas Murilo Karam, ex titular de la PGR, fue detenido por elementos de la Polic\u00eda Federal Ministerial de la Fiscal\u00eda General de la Rep\u00fablica (FGR) este viernes en la Ciudad de M\u00e9xico. Elementos de la dependencia cumplimentaron una orden de aprehensi\u00f3n en su contra por los delitos de desaparici\u00f3n forzada, tortura y contra la administraci\u00f3n de justicia en el caso Ayotzinapa. La FGR dio a conocer en un comunicado que la diligencia se llev\u00f3 a cabo en el exterior del domicilio de Murillo Karam sin ning\u00fan problema, ya que colabor\u00f3 con las autoridades policiacas sin oponer resistencia, una vez que se le inform\u00f3 sobre el procedimiento que se estaba llevando a cabo. El detenido ha sido trasladado a las instalaciones de la fiscal\u00eda para las certificaciones correspondientes y enseguida ser\u00e1 puesto a disposici\u00f3n de la autoridad judicial, en cumplimiento de la orden de captura se\u00f1alada. La captura se da un d\u00eda despu\u00e9s de que el gobierno de Andr\u00e9s Manuel L\u00f3pez Obrador present\u00f3 las conclusiones preliminares de la investigaci\u00f3n realizada por la Comisi\u00f3n para la Verdad y Acceso a la Justicia del caso Ayotzinapa, en la que destac\u00f3 que se trat\u00f3 de un crimen de Estado.<br \/>\nEn las primeras im\u00e1genes de la detenci\u00f3n, se ve a Murillo Karam, ex funcionario de la administraci\u00f3n de Pe\u00f1a Nieto, sin esposas; viste una camisa azul y una chamarra negra.<br \/>\nPor su parte, Jes\u00fas Ram\u00edrez Cuevas, vocero de la presidencia de la Rep\u00fablica, inform\u00f3 que tras la detenci\u00f3n del ex procurador Jes\u00fas Murillo Karam, ser\u00e1 remitido al reclusorio Norte en la Ciudad de M\u00e9xico.<br \/>\nEn sus redes sociales, el funcionario detall\u00f3 que la detenci\u00f3n del ex funcionario de primer nivel en el sexenio de Enrique Pe\u00f1a Nieto fue llevada a cabo por la FGR y elementos de la Marina Armada.<br \/>\nA ocho a\u00f1os de la desaparici\u00f3n de los 43 normalistas de la Escuela Normal Rural &#8220;Ra\u00fal Isidro Burgos&#8221; todav\u00eda no se sabe la verdad de lo que ocurri\u00f3 el 26 de septiembre del 2014 en Iguala. Detenidos, confesiones falsas y torturas dieron paso a la creaci\u00f3n de llamada &#8220;verdad hist\u00f3rica&#8221;, sustentada por el entonces procurador general de la Rep\u00fablica, Jes\u00fas Murillo Karam.<\/p>\n<p>\u00bfQui\u00e9n es Jes\u00fas Murillo Karam?<\/p>\n<p>Murillo Karam fue procurador general de la Rep\u00fablica del 4 de diciembre de 2012 al 27 de febrero de 2015, durante el sexenio de Enrique Pe\u00f1a Nieto. Se desempe\u00f1\u00f3 como diputado federal, senador y gobernador de Hidalgo, de 1993 a 1998. Murillo Karam fungi\u00f3 como titular de la extinta Procuradur\u00eda General de la Rep\u00fablica (PGR) durante 2012 y hasta 2015, y por orden del entonces presidente Enrique Pe\u00f1a Nieto tuvo a su mando las investigaciones sobre el caso Ayotzinapa.<br \/>\nLa llamada verdad hist\u00f3rica se bas\u00f3 en la narrativa de que los normalistas fueron secuestrados por integrantes de Guerreros Unidos, quienes quemaron sus cuerpos en el basurero municipal de Cocula, en Guerrero. A pesar de que ni los padres ni la sociedad o el Grupo Interdisciplinario de Expertos Independientes (GIEI) quedaron conformes con esta versi\u00f3n, el entonces procurados cerr\u00f3 la investigaci\u00f3n. Pero eventualmente las quejas podr\u00edan con \u00e9l, y luego de las protestas ante su frase \u201cya me cans\u00e9\u201d durante una rueda de prensa el 7 de noviembre, Murillo Karam renunci\u00f3 a su cargo como procurador en 2015, dejando su puesto a la mitad de su periodo a la senadora priista, Arely G\u00f3mez Gonz\u00e1lez.<\/p>\n<p>\u00bfDe qu\u00e9 acusan a Murillo Karam?<\/p>\n<p>En septiembre del 2015, tras la renuncia del tambi\u00e9n ex presidente de la c\u00e1mara baja, diputados del PRD presentaron una demanda de juicio pol\u00edtico contra el ex titular de la PGR, tras considerar que durante la investigaci\u00f3n la desaparici\u00f3n de los estudiantes se cometieron violaciones graves a la ley y contraria a la administraci\u00f3n de justicia. Sin embargo, fue desechada. En 2016, un reportaje realizado por la organizaci\u00f3n Mexicanos Contra la Corrupci\u00f3n y la Impunidad denunci\u00f3 que durante el periodo de Murillo Karam como procurador, tres empresas de su familia fueron beneficiadas con contratos de obra p\u00fablica por m\u00e1s de 4 mil 625 millones de pesos por parte de la Secretar\u00eda de Comunicaciones y Transportes (SCT).<br \/>\nAsimismo, la Oficial Mayor de la PGR y operadora financiera de Murillo Karam fue vinculada a proceso por la compra injustificada en 2013 de un avi\u00f3n de 19.6 millones de d\u00f3lares y por inflar el precio de la aeronave, cuyo valor real era de 16.4 millones de d\u00f3lares. Derivado de estas acusaciones, actualmente es investigado por la Unidad de Inteligencia Financiera (UIF) por un supuesto uso indebido de sus atribuciones y en el presunto desv\u00edo de 102 millones de pesos, parte de los cuales se presume fueron entregados al ex gobernador de Veracruz, Javier Duarte. El 30 de abril de 2019 hubo un nuevo intento de llevar a juicio a Murillo Karam. Sin embargo, la Subcomisi\u00f3n de Examen Previo de la C\u00e1mara de Diputados desech\u00f3 la solicitud de juicio pol\u00edtico. Actualmente, el grupo parlamentario de Morena ha rechazado exonerar al ex procurador, aclarando que, a lo m\u00e1s que puede trascender el juicio pol\u00edtico es a solicitar la inhabilitaci\u00f3n del ex funcionario.<\/p>\n","protected":false},"excerpt":{"rendered":"<p>Por el caso Ayotzinapa, la FGR detiene a Jes\u00fas Murillo Karam. * Cumplimentaron una orden de aprehensi\u00f3n en su contra por los delitos de desaparici\u00f3n forzada, tortura y contra la &hellip; <a href=\"https:\/\/unoticias.com.mx\/index.php\/2022\/08\/20\/por-el-caso-ayotzinapa-la-fgr-detiene-a-jesus-murillo-karam\/\" class=\"more-link\">Leer m\u00e1s<\/a><\/p>\n","protected":false},"author":1,"featured_media":14182,"comment_status":"open","ping_status":"open","sticky":false,"template":"","format":"standard","meta":{"spay_email":"","footnotes":"","jetpack_publicize_message":"","jetpack_is_tweetstorm":false,"jetpack_publicize_feature_enabled":true},"categories":[40],"tags":[],"class_list":["post-14181","post","type-post","status-publish","format-standard","has-post-thumbnail","hentry","category-nacional","entry"],"jetpack_featured_media_url":"https:\/\/unoticias.com.mx\/wp-content\/uploads\/2022\/08\/FB_IMG_1660959487494.jpg","jetpack_publicize_connections":[],"jetpack_sharing_enabled":true,"jetpack_likes_enabled":true,"_links":{"self":[{"href":"https:\/\/unoticias.com.mx\/index.php\/wp-json\/wp\/v2\/posts\/14181","targetHints":{"allow":["GET"]}}],"collection":[{"href":"https:\/\/unoticias.com.mx\/index.php\/wp-json\/wp\/v2\/posts"}],"about":[{"href":"https:\/\/unoticias.com.mx\/index.php\/wp-json\/wp\/v2\/types\/post"}],"author":[{"embeddable":true,"href":"https:\/\/unoticias.com.mx\/index.php\/wp-json\/wp\/v2\/users\/1"}],"replies":[{"embeddable":true,"href":"https:\/\/unoticias.com.mx\/index.php\/wp-json\/wp\/v2\/comments?post=14181"}],"version-history":[{"count":1,"href":"https:\/\/unoticias.com.mx\/index.php\/wp-json\/wp\/v2\/posts\/14181\/revisions"}],"predecessor-version":[{"id":14183,"href":"https:\/\/unoticias.com.mx\/index.php\/wp-json\/wp\/v2\/posts\/14181\/revisions\/14183"}],"wp:featuredmedia":[{"embeddable":true,"href":"https:\/\/unoticias.com.mx\/index.php\/wp-json\/wp\/v2\/media\/14182"}],"wp:attachment":[{"href":"https:\/\/unoticias.com.mx\/index.php\/wp-json\/wp\/v2\/media?parent=14181"}],"wp:term":[{"taxonomy":"category","embeddable":true,"href":"https:\/\/unoticias.com.mx\/index.php\/wp-json\/wp\/v2\/categories?post=14181"},{"taxonomy":"post_tag","embeddable":true,"href":"https:\/\/unoticias.com.mx\/index.php\/wp-json\/wp\/v2\/tags?post=14181"}],"curies":[{"name":"wp","href":"https:\/\/api.w.org\/{rel}","templated":true}]}}