{"id":14185,"date":"2022-08-20T14:53:36","date_gmt":"2022-08-20T14:53:36","guid":{"rendered":"https:\/\/unoticias.com.mx\/?p=14185"},"modified":"2022-08-20T14:53:36","modified_gmt":"2022-08-20T14:53:36","slug":"normalistas-exigen-carcel-para-enrique-pena-nieto","status":"publish","type":"post","link":"https:\/\/unoticias.com.mx\/index.php\/2022\/08\/20\/normalistas-exigen-carcel-para-enrique-pena-nieto\/","title":{"rendered":"Normalistas exigen c\u00e1rcel para\u00a0 Enrique Pe\u00f1a Nieto."},"content":{"rendered":"<p>Normalistas exigen c\u00e1rcel para\u00a0 Enrique Pe\u00f1a Nieto.<\/p>\n<p>Chilpancingo, Gro.- Normalistas de Ayotzinapa exigieron que el expresidente Enrique Pe\u00f1a Nieto sea detenido y encarcelado por su responsabilidad en la desaparici\u00f3n de sus 43 compa\u00f1eros en septiembre de 2014, en Iguala.<\/p>\n<p>Tambi\u00e9n exigieron que el extitular de la Agencia de Investigaci\u00f3n Criminal, Tom\u00e1s Zer\u00f3n de Lucio, sea extraditado a M\u00e9xico para que enfrente los procesos en su contra.<\/p>\n<p>Demandaron que no se proteja a Pe\u00f1a Nieto, luego de que el subsecretario de Derechos Humanos y Migraci\u00f3n, Alejandro Encinas, dijo que el exmandatario no tiene un seguimiento judicial por los hechos.<\/p>\n<p>Los estudiantes pidieron al gobierno que no vaya a inventar otra verdad hist\u00f3rica, como lo hizo Jes\u00fas Murillo Karam.<\/p>\n<p>Los normalistas afirmaron que mantienen viva la esperanza de hallar con vida a sus compa\u00f1eros; dijeron que hasta no tener pruebas contundentes sobre los restos de sus compa\u00f1eros, continuar\u00e1n con la exigencia de hallarlos con vida.<\/p>\n<p>\u201cEn el informe se hicieron notorias las 101 acciones de b\u00fasqueda en siete municipios de Guerrero, donde se hallaron m\u00e1s de mil restos \u00f3seos, que sin ninguna declaraci\u00f3n ni material gen\u00e9tico suficiente no nos garantiza que sean de nuestros compa\u00f1eros.<\/p>\n<p>\u201cTen\u00edamos un infiltrado que daba informaci\u00f3n al Ej\u00e9rcito e iba en primer a\u00f1o\u201d, dijo uno de los l\u00edderes de la normal que particip\u00f3 en la conferencia.<\/p>\n<p>Por otra parte, Vidulfo Rosales Sierra, abogado de los pap\u00e1s y mam\u00e1s de los 43 estudiantes de Ayotzinapa desaparecidos subray\u00f3 que el informe que present\u00f3 Alejandro Encinas Rodr\u00edguez es una posici\u00f3n pol\u00edtica del gobierno que dista mucho del esclarecimiento de lo que ocurri\u00f3 la noche del 26 y madrugada del 27 de septiembre de 2014.<\/p>\n<p>Afirm\u00f3 que el gobierno federal tiene una nueva verdad a partir de la investigaci\u00f3n que inici\u00f3. Cuestion\u00f3 que la nueva verdad del gobierno federal la haya construido con un solo testigo principal y con dos secundarios, pero sin pruebas contundentes.<\/p>\n","protected":false},"excerpt":{"rendered":"<p>Normalistas exigen c\u00e1rcel para\u00a0 Enrique Pe\u00f1a Nieto. Chilpancingo, Gro.- Normalistas de Ayotzinapa exigieron que el expresidente Enrique Pe\u00f1a Nieto sea detenido y encarcelado por su responsabilidad en la desaparici\u00f3n de &hellip; <a href=\"https:\/\/unoticias.com.mx\/index.php\/2022\/08\/20\/normalistas-exigen-carcel-para-enrique-pena-nieto\/\" class=\"more-link\">Leer m\u00e1s<\/a><\/p>\n","protected":false},"author":1,"featured_media":14186,"comment_status":"open","ping_status":"open","sticky":false,"template":"","format":"standard","meta":{"spay_email":"","footnotes":"","jetpack_publicize_message":"","jetpack_is_tweetstorm":false,"jetpack_publicize_feature_enabled":true},"categories":[1],"tags":[],"class_list":["post-14185","post","type-post","status-publish","format-standard","has-post-thumbnail","hentry","category-sin-categoria","entry"],"jetpack_featured_media_url":"https:\/\/unoticias.com.mx\/wp-content\/uploads\/2022\/08\/FB_IMG_1661007115464.jpg","jetpack_publicize_connections":[],"jetpack_sharing_enabled":true,"jetpack_likes_enabled":true,"_links":{"self":[{"href":"https:\/\/unoticias.com.mx\/index.php\/wp-json\/wp\/v2\/posts\/14185","targetHints":{"allow":["GET"]}}],"collection":[{"href":"https:\/\/unoticias.com.mx\/index.php\/wp-json\/wp\/v2\/posts"}],"about":[{"href":"https:\/\/unoticias.com.mx\/index.php\/wp-json\/wp\/v2\/types\/post"}],"author":[{"embeddable":true,"href":"https:\/\/unoticias.com.mx\/index.php\/wp-json\/wp\/v2\/users\/1"}],"replies":[{"embeddable":true,"href":"https:\/\/unoticias.com.mx\/index.php\/wp-json\/wp\/v2\/comments?post=14185"}],"version-history":[{"count":1,"href":"https:\/\/unoticias.com.mx\/index.php\/wp-json\/wp\/v2\/posts\/14185\/revisions"}],"predecessor-version":[{"id":14187,"href":"https:\/\/unoticias.com.mx\/index.php\/wp-json\/wp\/v2\/posts\/14185\/revisions\/14187"}],"wp:featuredmedia":[{"embeddable":true,"href":"https:\/\/unoticias.com.mx\/index.php\/wp-json\/wp\/v2\/media\/14186"}],"wp:attachment":[{"href":"https:\/\/unoticias.com.mx\/index.php\/wp-json\/wp\/v2\/media?parent=14185"}],"wp:term":[{"taxonomy":"category","embeddable":true,"href":"https:\/\/unoticias.com.mx\/index.php\/wp-json\/wp\/v2\/categories?post=14185"},{"taxonomy":"post_tag","embeddable":true,"href":"https:\/\/unoticias.com.mx\/index.php\/wp-json\/wp\/v2\/tags?post=14185"}],"curies":[{"name":"wp","href":"https:\/\/api.w.org\/{rel}","templated":true}]}}