{"id":14210,"date":"2022-08-23T13:43:00","date_gmt":"2022-08-23T13:43:00","guid":{"rendered":"https:\/\/unoticias.com.mx\/?p=14210"},"modified":"2022-08-23T13:43:00","modified_gmt":"2022-08-23T13:43:00","slug":"contra-20-militares-por-caso-ayotzinapa-notifican-a-sedena","status":"publish","type":"post","link":"https:\/\/unoticias.com.mx\/index.php\/2022\/08\/23\/contra-20-militares-por-caso-ayotzinapa-notifican-a-sedena\/","title":{"rendered":"Contra 20 militares por caso Ayotzinapa, notifican a Sedena."},"content":{"rendered":"<ol>\n<li>Contra 20 militares por caso Ayotzinapa, notifican a Sedena.<\/li>\n<\/ol>\n<p>Se trata de militares pertenecientes a los batallones 27 y 41 de infanter\u00eda, quienes estuvieron de guardia cuando desaparecieron los 43 estudiantes de la Normal \u201cIsidro Burgos\u201d, en Iguala, Guerrero<\/p>\n<p>Con Informaci\u00f3n de La Jornada.<\/p>\n<p>La Fiscal\u00eda General de la Rep\u00fablica (FGR) notific\u00f3 oficialmente a la Secretar\u00eda de la Defensa Nacional (Sedena) de las \u00f3rdenes de aprehensi\u00f3n giradas en contra de 20 de sus elementos, por su posible implicaci\u00f3n en el Caso Ayotzinapa.<\/p>\n<p>Se trata de militares pertenecientes a los batallones 27 y 41 de infanter\u00eda, quienes estuvieron de guardia cuando desaparecieron los 43 estudiantes de la Normal \u201cIsidro Burgos\u201d, en Iguala, Guerrero.<\/p>\n<p>El juez segundo de procesos penales federales, con sede en Toluca, Estado de M\u00e9xico, autoriz\u00f3 83 \u00f3rdenes de aprehensi\u00f3n en contra de funcionarios de los tres \u00f3rdenes de gobierno que intervinieron en la investigaci\u00f3n de los hechos, incluyendo los 20 militares.<\/p>\n<p>En la lista, el de m\u00e1s alto rango es el general Alejandro Saavedra Hern\u00e1ndez, comandante de la 35 Zona Militar, con sede en Chilpancingo, quien seg\u00fan el informe de la Comisi\u00f3n de la Verdad tuvo conocimiento de lo hechos de la noche del 26 al 27 de septiembre de 2014, pues fueron captados por las c\u00e1maras del C4, a las cuales ten\u00eda acceso directo.<\/p>\n<p>Meses despu\u00e9s, Saavedra Hern\u00e1ndez fue ascendido a General de Divisi\u00f3n, nombrado comandante de la Regi\u00f3n Militar, posteriormente fue designado Inspector y Contralor General del Ej\u00e9rcito y Fuerza A\u00e9rea, y luego jefe del Estado Mayor de la Defensa Nacional, el 30 noviembre de 2017, finalmente fue director del Instituto de Seguridad Social para las Fuerzas Armadas (ISSFAM), hasta el 2 de marzo de 2021.<\/p>\n","protected":false},"excerpt":{"rendered":"<p>Contra 20 militares por caso Ayotzinapa, notifican a Sedena. Se trata de militares pertenecientes a los batallones 27 y 41 de infanter\u00eda, quienes estuvieron de guardia cuando desaparecieron los 43 &hellip; <a href=\"https:\/\/unoticias.com.mx\/index.php\/2022\/08\/23\/contra-20-militares-por-caso-ayotzinapa-notifican-a-sedena\/\" class=\"more-link\">Leer m\u00e1s<\/a><\/p>\n","protected":false},"author":1,"featured_media":14211,"comment_status":"open","ping_status":"open","sticky":false,"template":"","format":"standard","meta":{"spay_email":"","footnotes":"","jetpack_publicize_message":"","jetpack_is_tweetstorm":false,"jetpack_publicize_feature_enabled":true},"categories":[40],"tags":[],"class_list":["post-14210","post","type-post","status-publish","format-standard","has-post-thumbnail","hentry","category-nacional","entry"],"jetpack_featured_media_url":"https:\/\/unoticias.com.mx\/wp-content\/uploads\/2022\/08\/FB_IMG_1661261824064.jpg","jetpack_publicize_connections":[],"jetpack_sharing_enabled":true,"jetpack_likes_enabled":true,"_links":{"self":[{"href":"https:\/\/unoticias.com.mx\/index.php\/wp-json\/wp\/v2\/posts\/14210","targetHints":{"allow":["GET"]}}],"collection":[{"href":"https:\/\/unoticias.com.mx\/index.php\/wp-json\/wp\/v2\/posts"}],"about":[{"href":"https:\/\/unoticias.com.mx\/index.php\/wp-json\/wp\/v2\/types\/post"}],"author":[{"embeddable":true,"href":"https:\/\/unoticias.com.mx\/index.php\/wp-json\/wp\/v2\/users\/1"}],"replies":[{"embeddable":true,"href":"https:\/\/unoticias.com.mx\/index.php\/wp-json\/wp\/v2\/comments?post=14210"}],"version-history":[{"count":1,"href":"https:\/\/unoticias.com.mx\/index.php\/wp-json\/wp\/v2\/posts\/14210\/revisions"}],"predecessor-version":[{"id":14212,"href":"https:\/\/unoticias.com.mx\/index.php\/wp-json\/wp\/v2\/posts\/14210\/revisions\/14212"}],"wp:featuredmedia":[{"embeddable":true,"href":"https:\/\/unoticias.com.mx\/index.php\/wp-json\/wp\/v2\/media\/14211"}],"wp:attachment":[{"href":"https:\/\/unoticias.com.mx\/index.php\/wp-json\/wp\/v2\/media?parent=14210"}],"wp:term":[{"taxonomy":"category","embeddable":true,"href":"https:\/\/unoticias.com.mx\/index.php\/wp-json\/wp\/v2\/categories?post=14210"},{"taxonomy":"post_tag","embeddable":true,"href":"https:\/\/unoticias.com.mx\/index.php\/wp-json\/wp\/v2\/tags?post=14210"}],"curies":[{"name":"wp","href":"https:\/\/api.w.org\/{rel}","templated":true}]}}