{"id":1533,"date":"2020-06-09T20:46:43","date_gmt":"2020-06-09T20:46:43","guid":{"rendered":"https:\/\/unoticias.com.mx\/?p=1533"},"modified":"2020-06-09T20:46:43","modified_gmt":"2020-06-09T20:46:43","slug":"aumentan-los-casos-positivos-de-covid-19-en-ometepec-xochistlahuaca-ayutla-y-san-marcos","status":"publish","type":"post","link":"https:\/\/unoticias.com.mx\/index.php\/2020\/06\/09\/aumentan-los-casos-positivos-de-covid-19-en-ometepec-xochistlahuaca-ayutla-y-san-marcos\/","title":{"rendered":"Aumentan los casos positivos de COVID-19 en Ometepec, Xochistlahuaca, Ayutla y San Marcos."},"content":{"rendered":"\n<p>Aumentan los casos positivos de COVID-19 en Ometepec, Xochistlahuaca, Ayutla y San Marcos.<\/p>\n\n\n\n<p>Por Osvaldo Rend\u00f3n R\u00edos<\/p>\n\n\n\n<p>Ometepec., Gro. 9 junio de 2020. En el portal oficial de la Secretaria de Salud en el estado de Guerrero, se informa que Ometepec aumenta diariamente en casos positivos de COVID-19 al igual que Ayutla de los Libres, as\u00ed tambi\u00e9n aumentaron los casos en el municipio de San Marcos y Xochistlahuaca. por lo que es importante se quede en casa ante esta situaci\u00f3n.<\/p>\n\n\n\n<p>En el estado ya existen 2686 casos confirmados y 391 defunciones.<\/p>\n\n\n\n<p>En la regi\u00f3n costa chica los municipios que tienen casos positivos de COVID-19 son 7- San Marcos y 1 defunciones, 24&#8211; Ayutla De Los Libres y 3 defunciones, 2\u2014C\u00f3pala y con 2 defunciones, 1&#8211; Florencio Villareal 3\u2014Tecoanapa con 1 defunci\u00f3n 2\u2014Xochsitlahuaca, 10 Ometepec y 1 San Luis Acatl\u00e1n 1 en Tlacoachistlahuaca.<\/p>\n\n\n\n<p>El jefe de la jurisdiccional 06 de la regi\u00f3n costa chica Macario Navarrete Ch\u00e1vez, Afirm\u00f3 que \u201cEs importante que no salgas de casa, tu salud es tu responsabilidad, as\u00ed tambi\u00e9n que los ni\u00f1os y personas de la tercera edad, est\u00e9n en casa, para no exponerlos a contagio del COVID-19\u201d.<\/p>\n","protected":false},"excerpt":{"rendered":"<p>Aumentan los casos positivos de COVID-19 en Ometepec, Xochistlahuaca, Ayutla y San Marcos. Por Osvaldo Rend\u00f3n R\u00edos Ometepec., Gro. 9 junio de 2020. En el portal oficial de la Secretaria &hellip; <a href=\"https:\/\/unoticias.com.mx\/index.php\/2020\/06\/09\/aumentan-los-casos-positivos-de-covid-19-en-ometepec-xochistlahuaca-ayutla-y-san-marcos\/\" class=\"more-link\">Leer m\u00e1s<\/a><\/p>\n","protected":false},"author":1,"featured_media":0,"comment_status":"open","ping_status":"open","sticky":false,"template":"","format":"standard","meta":{"spay_email":"","footnotes":"","jetpack_publicize_message":"","jetpack_is_tweetstorm":false,"jetpack_publicize_feature_enabled":true},"categories":[1],"tags":[],"class_list":["post-1533","post","type-post","status-publish","format-standard","hentry","category-sin-categoria","entry"],"jetpack_featured_media_url":"","jetpack_publicize_connections":[],"jetpack_sharing_enabled":true,"jetpack_likes_enabled":true,"_links":{"self":[{"href":"https:\/\/unoticias.com.mx\/index.php\/wp-json\/wp\/v2\/posts\/1533","targetHints":{"allow":["GET"]}}],"collection":[{"href":"https:\/\/unoticias.com.mx\/index.php\/wp-json\/wp\/v2\/posts"}],"about":[{"href":"https:\/\/unoticias.com.mx\/index.php\/wp-json\/wp\/v2\/types\/post"}],"author":[{"embeddable":true,"href":"https:\/\/unoticias.com.mx\/index.php\/wp-json\/wp\/v2\/users\/1"}],"replies":[{"embeddable":true,"href":"https:\/\/unoticias.com.mx\/index.php\/wp-json\/wp\/v2\/comments?post=1533"}],"version-history":[{"count":1,"href":"https:\/\/unoticias.com.mx\/index.php\/wp-json\/wp\/v2\/posts\/1533\/revisions"}],"predecessor-version":[{"id":1534,"href":"https:\/\/unoticias.com.mx\/index.php\/wp-json\/wp\/v2\/posts\/1533\/revisions\/1534"}],"wp:attachment":[{"href":"https:\/\/unoticias.com.mx\/index.php\/wp-json\/wp\/v2\/media?parent=1533"}],"wp:term":[{"taxonomy":"category","embeddable":true,"href":"https:\/\/unoticias.com.mx\/index.php\/wp-json\/wp\/v2\/categories?post=1533"},{"taxonomy":"post_tag","embeddable":true,"href":"https:\/\/unoticias.com.mx\/index.php\/wp-json\/wp\/v2\/tags?post=1533"}],"curies":[{"name":"wp","href":"https:\/\/api.w.org\/{rel}","templated":true}]}}